{"id":559,"date":"2008-08-01T08:34:09","date_gmt":"2008-08-01T06:34:09","guid":{"rendered":"http:\/\/www.quiltingstudio.hu\/blog\/?p=559"},"modified":"2008-08-01T08:34:44","modified_gmt":"2008-08-01T06:34:44","slug":"taborozni-keszulokv","status":"publish","type":"post","link":"http:\/\/www.quiltingstudio.hu\/blog\/?p=559","title":{"rendered":"T\u00e1borozni k\u00e9sz\u00fcl\u00f6k&#8230;V."},"content":{"rendered":"<p><a href=\"http:\/\/www.quiltingstudio.hu\/blog\/wp-content\/uploads\/2008\/07\/ollotarto.jpg\"><\/a><a href=\"http:\/\/www.quiltingstudio.hu\/blog\/wp-content\/uploads\/2008\/07\/ollotarto-nyitva.jpg\"><\/a><a href=\"http:\/\/www.quiltingstudio.hu\/blog\/wp-content\/uploads\/2008\/07\/koffer1.jpg\"><\/a><a href=\"http:\/\/www.quiltingstudio.hu\/blog\/wp-content\/uploads\/2008\/07\/koffer-2.jpg\"><\/a><a href=\"http:\/\/www.quiltingstudio.hu\/blog\/wp-content\/uploads\/2008\/07\/koffer3.jpg\"><\/a>M\u00e9g maradt anyagom \u00e9s \u00f6tletem is, \u00edgy k\u00e9sz\u00fclt n\u00e9h\u00e1ny apr\u00f3s\u00e1g is. Legsz\u00edvesebben \u00e9n ezekkel kezdtem volna, de h\u00e1t az nem logikus! \u00c9rdemes mindig a nagyobbakkal kezdeni, azok k\u00e9sz\u00edt\u00e9s\u00e9n\u00e9l \u00fagyis mindig keletkeznek kisebb anyagdarabok.<\/p>\n<p>\u00cdgy k\u00e9sz\u00fclt egy ceruzatart\u00f3, azaz egy konzervdoboz, amit bevontam. <a href=\"http:\/\/www.quiltingstudio.hu\/blog\/wp-content\/uploads\/2008\/07\/ceruzatarto.jpg\"><img decoding=\"async\" loading=\"lazy\" class=\"alignnone size-medium wp-image-560\" title=\"ceruzatarto\" src=\"http:\/\/www.quiltingstudio.hu\/blog\/wp-content\/uploads\/2008\/07\/ceruzatarto-300x283.jpg\" alt=\"konzervdoboz 2. \u00e9lete\" width=\"300\" height=\"283\" srcset=\"http:\/\/www.quiltingstudio.hu\/blog\/wp-content\/uploads\/2008\/07\/ceruzatarto-300x283.jpg 300w, http:\/\/www.quiltingstudio.hu\/blog\/wp-content\/uploads\/2008\/07\/ceruzatarto.jpg 597w\" sizes=\"(max-width: 300px) 100vw, 300px\" \/><\/a><\/p>\n<p style=\"clear:both\">Erre is h\u00edmeztem, persze m\u00e9g miel\u0151tt kiszabtam volna az anyagot. Most csin\u00e1ltam ilyent el\u0151sz\u00f6r, nem is lett olyan rossz. Hogy puh\u00e1bb legyen \u00fan. keszty\u0171vatelin van benne.<!--more--><\/p>\n<p style=\"clear:both\"><a href=\"http:\/\/www.quiltingstudio.hu\/blog\/wp-content\/uploads\/2008\/07\/ceruzatarto-elol.jpg\"><img decoding=\"async\" loading=\"lazy\" class=\"alignnone size-medium wp-image-561\" title=\"ceruzatarto-elol\" src=\"http:\/\/www.quiltingstudio.hu\/blog\/wp-content\/uploads\/2008\/07\/ceruzatarto-elol-295x300.jpg\" alt=\"ceruzatart\u00f3 dobozom\" width=\"295\" height=\"300\" srcset=\"http:\/\/www.quiltingstudio.hu\/blog\/wp-content\/uploads\/2008\/07\/ceruzatarto-elol-295x300.jpg 295w, http:\/\/www.quiltingstudio.hu\/blog\/wp-content\/uploads\/2008\/07\/ceruzatarto-elol.jpg 597w\" sizes=\"(max-width: 295px) 100vw, 295px\" \/><\/a><\/p>\n<p style=\"clear:both\">Az oll\u00f3 az egyik gyenge pontom, n\u00e1lam nagy becsben vannak. Nem tudom megmondani h\u00e1ny darab van, kell a szab\u00e1shoz, kell pap\u00edrv\u00e1g\u00e1s\u00e1hoz, kell a h\u00edmz\u00e9sekhez, stb&#8230;..<\/p>\n<p style=\"clear:both\"><a href=\"http:\/\/www.quiltingstudio.hu\/blog\/wp-content\/uploads\/2008\/07\/ollotarto.jpg\"><img decoding=\"async\" loading=\"lazy\" class=\"alignnone size-medium wp-image-569\" title=\"ollotarto\" src=\"http:\/\/www.quiltingstudio.hu\/blog\/wp-content\/uploads\/2008\/07\/ollotarto-300x187.jpg\" alt=\"oll\u00f3tart\u00f3 \" width=\"300\" height=\"187\" srcset=\"http:\/\/www.quiltingstudio.hu\/blog\/wp-content\/uploads\/2008\/07\/ollotarto-300x187.jpg 300w, http:\/\/www.quiltingstudio.hu\/blog\/wp-content\/uploads\/2008\/07\/ollotarto.jpg 600w\" sizes=\"(max-width: 300px) 100vw, 300px\" \/><\/a><\/p>\n<p style=\"clear:both\">\u00cdgy azoknak is k\u00e9sz\u00fclt egy tart\u00f3. Ebben 3 k\u00fcl\u00f6nb\u00f6z\u0151 m\u00e9ret\u0171 f\u00e9r el.<\/p>\n<p><a href=\"http:\/\/www.quiltingstudio.hu\/blog\/wp-content\/uploads\/2008\/07\/ollotarto-nyitva.jpg\"><img decoding=\"async\" loading=\"lazy\" class=\"alignnone size-medium wp-image-570\" title=\"ollotarto-nyitva\" src=\"http:\/\/www.quiltingstudio.hu\/blog\/wp-content\/uploads\/2008\/07\/ollotarto-nyitva-300x132.jpg\" alt=\"nyitva\" width=\"300\" height=\"132\" srcset=\"http:\/\/www.quiltingstudio.hu\/blog\/wp-content\/uploads\/2008\/07\/ollotarto-nyitva-300x132.jpg 300w, http:\/\/www.quiltingstudio.hu\/blog\/wp-content\/uploads\/2008\/07\/ollotarto-nyitva.jpg 600w\" sizes=\"(max-width: 300px) 100vw, 300px\" \/><\/a><\/p>\n<p>A k\u00e9tf\u00e9le anyag kombin\u00e1ci\u00f3j\u00e1b\u00f3l hajtogat\u00e1ssal ez j\u00f6tt ki.<\/p>\n<p style=\"clear:both\">\u00c9s a legaranyosabb, b\u00e1r ez a legkisebb, egy t\u0171p\u00e1rna!<\/p>\n<p style=\"clear:both\">\u00a0De hogy st\u00edlusos legyen, egy koffer form\u00e1j\u00fa, hiszen ez egy<strong> utaz\u00f3s k\u00e9szlet<\/strong>.<\/p>\n<p><a href=\"http:\/\/www.quiltingstudio.hu\/blog\/wp-content\/uploads\/2008\/07\/koffer1.jpg\"><img decoding=\"async\" loading=\"lazy\" class=\"alignnone size-medium wp-image-571\" title=\"koffer1\" src=\"http:\/\/www.quiltingstudio.hu\/blog\/wp-content\/uploads\/2008\/07\/koffer1-300x208.jpg\" alt=\"t\u0171p\u00e1rn\u00e1m\" width=\"300\" height=\"208\" srcset=\"http:\/\/www.quiltingstudio.hu\/blog\/wp-content\/uploads\/2008\/07\/koffer1-300x208.jpg 300w, http:\/\/www.quiltingstudio.hu\/blog\/wp-content\/uploads\/2008\/07\/koffer1.jpg 600w\" sizes=\"(max-width: 300px) 100vw, 300px\" \/><\/a><\/p>\n<p style=\"clear:both\">A sz\u00edneket \u00e9n pont ford\u00edtva szerettem volna de a marad\u00e9kok csak \u00edgy adt\u00e1k ki. Most m\u00e1r \u00edgy is tetszik. A belsej\u00e9ben egy mezei egyszer\u0171 szivacs van.<\/p>\n<p><a href=\"http:\/\/www.quiltingstudio.hu\/blog\/wp-content\/uploads\/2008\/07\/koffer-2.jpg\"><img decoding=\"async\" loading=\"lazy\" class=\"alignnone size-medium wp-image-572\" title=\"koffer-2\" src=\"http:\/\/www.quiltingstudio.hu\/blog\/wp-content\/uploads\/2008\/07\/koffer-2-300x180.jpg\" alt=\"t\u0171p\u00e1rna\" width=\"300\" height=\"180\" srcset=\"http:\/\/www.quiltingstudio.hu\/blog\/wp-content\/uploads\/2008\/07\/koffer-2-300x180.jpg 300w, http:\/\/www.quiltingstudio.hu\/blog\/wp-content\/uploads\/2008\/07\/koffer-2.jpg 600w\" sizes=\"(max-width: 300px) 100vw, 300px\" \/><\/a><\/p>\n<p>Az elk\u00e9sz\u00edt\u00e9se r\u00e9szletes (angol \u00e9s n\u00e9met nyelv\u0171) le\u00edr\u00e1ssal itt tal\u00e1lhat\u00f3:<\/p>\n<p><span style=\"text-decoration: underline;\"><span style=\"color: #0000ff;\"><a href=\"http:\/\/quiltjona.blogspot.com\/2007\/06\/tutorial-suitcase-pincushion.html\" target=\"_blank\">http:\/\/quiltjona.blogspot.com\/2007\/06\/tutorial-suitcase-pincushion.html<\/a><\/span><\/span><a href=\"http:\/\/www.quiltingstudio.hu\/blog\/wp-content\/uploads\/2008\/07\/koffer-2.jpg\"><\/a><\/p>\n<p style=\"clear:both\"><a href=\"http:\/\/www.quiltingstudio.hu\/blog\/wp-content\/uploads\/2008\/07\/koffer3.jpg\"><img decoding=\"async\" loading=\"lazy\" class=\"alignnone size-medium wp-image-573\" title=\"koffer3\" src=\"http:\/\/www.quiltingstudio.hu\/blog\/wp-content\/uploads\/2008\/07\/koffer3-300x229.jpg\" alt=\"t\u0171p\u00e1rna koffer\" width=\"300\" height=\"229\" srcset=\"http:\/\/www.quiltingstudio.hu\/blog\/wp-content\/uploads\/2008\/07\/koffer3-300x229.jpg 300w, http:\/\/www.quiltingstudio.hu\/blog\/wp-content\/uploads\/2008\/07\/koffer3.jpg 600w\" sizes=\"(max-width: 300px) 100vw, 300px\" \/><\/a><\/p>\n<p style=\"clear:both\">M\u00e1r csak n\u00e9h\u00e1ny cimke, felirat kellene r\u00e1.<\/p>\n<p style=\"clear:both\">R\u00e1ad\u00e1sk\u00e9nt k\u00e9sz\u00edtettem egy pici n\u00e9vjegyk\u00e1rtyatart\u00f3t \u00e9s egy kulcstart\u00f3t is, de ezt m\u00e1r t\u00e9nyleg csak sz\u00f3rakoz\u00e1sb\u00f3l.<\/p>\n<p style=\"clear:both\">Ugye, nem hagytam ki semmit, m\u00e1r mehetek t\u00e1borozni?<\/p>\n<p style=\"clear:both\">\u00a0<\/p>\n","protected":false},"excerpt":{"rendered":"<p>M\u00e9g maradt anyagom \u00e9s \u00f6tletem is, \u00edgy k\u00e9sz\u00fclt n\u00e9h\u00e1ny apr\u00f3s\u00e1g is. Legsz\u00edvesebben \u00e9n ezekkel kezdtem volna, de h\u00e1t az nem logikus! \u00c9rdemes mindig a nagyobbakkal kezdeni, azok k\u00e9sz\u00edt\u00e9s\u00e9n\u00e9l \u00fagyis mindig keletkeznek kisebb anyagdarabok. \u00cdgy k\u00e9sz\u00fclt egy ceruzatart\u00f3, azaz egy konzervdoboz, amit bevontam. Erre is h\u00edmeztem, persze m\u00e9g miel\u0151tt kiszabtam volna az anyagot. Most csin\u00e1ltam ilyent [&hellip;]<\/p>\n","protected":false},"author":1,"featured_media":0,"comment_status":"open","ping_status":"closed","sticky":false,"template":"","format":"standard","meta":[],"categories":[3,4],"tags":[],"aioseo_notices":[],"views":2802,"_links":{"self":[{"href":"http:\/\/www.quiltingstudio.hu\/blog\/index.php?rest_route=\/wp\/v2\/posts\/559"}],"collection":[{"href":"http:\/\/www.quiltingstudio.hu\/blog\/index.php?rest_route=\/wp\/v2\/posts"}],"about":[{"href":"http:\/\/www.quiltingstudio.hu\/blog\/index.php?rest_route=\/wp\/v2\/types\/post"}],"author":[{"embeddable":true,"href":"http:\/\/www.quiltingstudio.hu\/blog\/index.php?rest_route=\/wp\/v2\/users\/1"}],"replies":[{"embeddable":true,"href":"http:\/\/www.quiltingstudio.hu\/blog\/index.php?rest_route=%2Fwp%2Fv2%2Fcomments&post=559"}],"version-history":[{"count":0,"href":"http:\/\/www.quiltingstudio.hu\/blog\/index.php?rest_route=\/wp\/v2\/posts\/559\/revisions"}],"wp:attachment":[{"href":"http:\/\/www.quiltingstudio.hu\/blog\/index.php?rest_route=%2Fwp%2Fv2%2Fmedia&parent=559"}],"wp:term":[{"taxonomy":"category","embeddable":true,"href":"http:\/\/www.quiltingstudio.hu\/blog\/index.php?rest_route=%2Fwp%2Fv2%2Fcategories&post=559"},{"taxonomy":"post_tag","embeddable":true,"href":"http:\/\/www.quiltingstudio.hu\/blog\/index.php?rest_route=%2Fwp%2Fv2%2Ftags&post=559"}],"curies":[{"name":"wp","href":"https:\/\/api.w.org\/{rel}","templated":true}]}}