{"id":574,"date":"2008-08-04T19:59:58","date_gmt":"2008-08-04T17:59:58","guid":{"rendered":"http:\/\/www.quiltingstudio.hu\/blog\/?p=574"},"modified":"2008-08-04T20:00:37","modified_gmt":"2008-08-04T18:00:37","slug":"a-raadas","status":"publish","type":"post","link":"http:\/\/www.quiltingstudio.hu\/blog\/?p=574","title":{"rendered":"A r\u00e1ad\u00e1s&#8230;"},"content":{"rendered":"<p>Nem hagyott nyugodni a dolog \u00e9s addig-addig keresgettem a &#8216;<em>rongyok<\/em>&#8216; k\u00f6z\u00f6tt, m\u00edg tal\u00e1ltam m\u00e9g ebb\u0151l a z\u00f6ld anyagb\u00f3l.<\/p>\n<p>\u00cdgy k\u00e9sz\u00fclt el m\u00e9g ez a c\u00e9rnatart\u00f3:<\/p>\n<p><a href=\"http:\/\/www.quiltingstudio.hu\/blog\/wp-content\/uploads\/2008\/08\/cernatarto-tele.jpg\"><img decoding=\"async\" loading=\"lazy\" class=\"alignnone size-medium wp-image-575\" title=\"cernatarto-tele\" src=\"http:\/\/www.quiltingstudio.hu\/blog\/wp-content\/uploads\/2008\/08\/cernatarto-tele-199x300.jpg\" alt=\"c\u00e9rnatart\u00f3m\" width=\"199\" height=\"300\" srcset=\"http:\/\/www.quiltingstudio.hu\/blog\/wp-content\/uploads\/2008\/08\/cernatarto-tele-199x300.jpg 199w, http:\/\/www.quiltingstudio.hu\/blog\/wp-content\/uploads\/2008\/08\/cernatarto-tele.jpg 600w\" sizes=\"(max-width: 199px) 100vw, 199px\" \/><\/a><\/p>\n<p>A zseb\u00e9ben a centi \u00e9s egy\u00e9b apr\u00f3s\u00e1gok, ( varratbont\u00f3, t\u0171bef\u0171z\u0151 stb.) \u00e9pp elf\u00e9rnek. Arra gondoltam csak akad majd valami, ahova pl. fel lehet akasztani \u00e9s akkor m\u00e1r k\u00e9zn\u00e9l is  lesznek a c\u00e9rn\u00e1im.<\/p>\n<p><!--more--><\/p>\n<p>K\u00edv\u00fcl a minta ugyanaz, \u00f6sszetekerem \u00e9s a gombbal r\u00f6gz\u00edtem.<\/p>\n<p><a href=\"http:\/\/www.quiltingstudio.hu\/blog\/wp-content\/uploads\/2008\/08\/cernatarto-borito.jpg\"><img decoding=\"async\" loading=\"lazy\" class=\"alignnone size-medium wp-image-577\" title=\"cernatarto-borito\" src=\"http:\/\/www.quiltingstudio.hu\/blog\/wp-content\/uploads\/2008\/08\/cernatarto-borito-171x300.jpg\" alt=\"bor\u00edt\u00f3\" width=\"171\" height=\"300\" \/><\/a><\/p>\n<p style=\"clear:both\">A b\u00e9l\u00e9snek haszn\u00e1lt molin\u00f3t papirvetexszel er\u0151s\u00edtettem meg, bel\u00fclre keszty\u0171vatelint tettem.<\/p>\n<p>A c\u00e9rn\u00e1kat lem\u00e9rtem \u00e9s aszerint varrogattam le a gumiszalagokat.<\/p>\n<p><a href=\"http:\/\/www.quiltingstudio.hu\/blog\/wp-content\/uploads\/2008\/08\/cerntarto-ures.jpg\"><img decoding=\"async\" loading=\"lazy\" class=\"alignnone size-medium wp-image-576\" title=\"cerntarto-ures\" src=\"http:\/\/www.quiltingstudio.hu\/blog\/wp-content\/uploads\/2008\/08\/cerntarto-ures-300x181.jpg\" alt=\"c\u00e9rnatart\u00f3 \u00fcres\" width=\"300\" height=\"181\" srcset=\"http:\/\/www.quiltingstudio.hu\/blog\/wp-content\/uploads\/2008\/08\/cerntarto-ures-300x181.jpg 300w, http:\/\/www.quiltingstudio.hu\/blog\/wp-content\/uploads\/2008\/08\/cerntarto-ures.jpg 600w\" sizes=\"(max-width: 300px) 100vw, 300px\" \/><\/a><\/p>\n<p>Ha m\u00e9g lenne ilyen anyagom&#8230;.:o)))<\/p>\n","protected":false},"excerpt":{"rendered":"<p>Nem hagyott nyugodni a dolog \u00e9s addig-addig keresgettem a &#8216;rongyok&#8216; k\u00f6z\u00f6tt, m\u00edg tal\u00e1ltam m\u00e9g ebb\u0151l a z\u00f6ld anyagb\u00f3l. \u00cdgy k\u00e9sz\u00fclt el m\u00e9g ez a c\u00e9rnatart\u00f3: A zseb\u00e9ben a centi \u00e9s egy\u00e9b apr\u00f3s\u00e1gok, ( varratbont\u00f3, t\u0171bef\u0171z\u0151 stb.) \u00e9pp elf\u00e9rnek. Arra gondoltam csak akad majd valami, ahova pl. fel lehet akasztani \u00e9s akkor m\u00e1r k\u00e9zn\u00e9l is lesznek [&hellip;]<\/p>\n","protected":false},"author":1,"featured_media":0,"comment_status":"open","ping_status":"closed","sticky":false,"template":"","format":"standard","meta":[],"categories":[3,4],"tags":[],"aioseo_notices":[],"views":3948,"_links":{"self":[{"href":"http:\/\/www.quiltingstudio.hu\/blog\/index.php?rest_route=\/wp\/v2\/posts\/574"}],"collection":[{"href":"http:\/\/www.quiltingstudio.hu\/blog\/index.php?rest_route=\/wp\/v2\/posts"}],"about":[{"href":"http:\/\/www.quiltingstudio.hu\/blog\/index.php?rest_route=\/wp\/v2\/types\/post"}],"author":[{"embeddable":true,"href":"http:\/\/www.quiltingstudio.hu\/blog\/index.php?rest_route=\/wp\/v2\/users\/1"}],"replies":[{"embeddable":true,"href":"http:\/\/www.quiltingstudio.hu\/blog\/index.php?rest_route=%2Fwp%2Fv2%2Fcomments&post=574"}],"version-history":[{"count":0,"href":"http:\/\/www.quiltingstudio.hu\/blog\/index.php?rest_route=\/wp\/v2\/posts\/574\/revisions"}],"wp:attachment":[{"href":"http:\/\/www.quiltingstudio.hu\/blog\/index.php?rest_route=%2Fwp%2Fv2%2Fmedia&parent=574"}],"wp:term":[{"taxonomy":"category","embeddable":true,"href":"http:\/\/www.quiltingstudio.hu\/blog\/index.php?rest_route=%2Fwp%2Fv2%2Fcategories&post=574"},{"taxonomy":"post_tag","embeddable":true,"href":"http:\/\/www.quiltingstudio.hu\/blog\/index.php?rest_route=%2Fwp%2Fv2%2Ftags&post=574"}],"curies":[{"name":"wp","href":"https:\/\/api.w.org\/{rel}","templated":true}]}}