{"id":578,"date":"2008-08-11T12:02:40","date_gmt":"2008-08-11T10:02:40","guid":{"rendered":"http:\/\/www.quiltingstudio.hu\/blog\/?p=578"},"modified":"2008-08-13T20:20:30","modified_gmt":"2008-08-13T18:20:30","slug":"beszamolo","status":"publish","type":"post","link":"http:\/\/www.quiltingstudio.hu\/blog\/?p=578","title":{"rendered":"Besz\u00e1mol\u00f3&#8230;"},"content":{"rendered":"<p><a href=\"http:\/\/www.quiltingstudio.hu\/blog\/wp-content\/uploads\/2008\/08\/nybeauty.jpg\"><\/a><a href=\"http:\/\/www.quiltingstudio.hu\/blog\/wp-content\/uploads\/2008\/08\/alfonzina.jpg\"><\/a><a href=\"http:\/\/www.quiltingstudio.hu\/blog\/wp-content\/uploads\/2008\/08\/lampionok.jpg\"><\/a><a href=\"http:\/\/www.quiltingstudio.hu\/blog\/wp-content\/uploads\/2008\/08\/vep2.jpg\"><img decoding=\"async\" loading=\"lazy\" class=\"alignnone size-medium wp-image-580\" title=\"vep2\" src=\"http:\/\/www.quiltingstudio.hu\/blog\/wp-content\/uploads\/2008\/08\/vep2-300x157.jpg\" alt=\"kast\u00e9lykert\" width=\"300\" height=\"157\" srcset=\"http:\/\/www.quiltingstudio.hu\/blog\/wp-content\/uploads\/2008\/08\/vep2-300x157.jpg 300w, http:\/\/www.quiltingstudio.hu\/blog\/wp-content\/uploads\/2008\/08\/vep2.jpg 551w\" sizes=\"(max-width: 300px) 100vw, 300px\" \/><\/a><\/p>\n<p style=\"clear:both\">A t\u00e1bor, amire k\u00e9sz\u00fcltem V\u00e9pen volt, egy gy\u00f6ny\u00f6r\u0171 kast\u00e9lykertben. Az id\u0151 is t\u00f6k\u00e9letes volt.<\/p>\n<p><a href=\"http:\/\/www.quiltingstudio.hu\/blog\/wp-content\/uploads\/2008\/08\/vep.jpg\"><img decoding=\"async\" loading=\"lazy\" class=\"alignnone size-medium wp-image-579\" title=\"vep\" src=\"http:\/\/www.quiltingstudio.hu\/blog\/wp-content\/uploads\/2008\/08\/vep-300x168.jpg\" alt=\"t\u00e1bor helysz\u00edne\" width=\"300\" height=\"168\" srcset=\"http:\/\/www.quiltingstudio.hu\/blog\/wp-content\/uploads\/2008\/08\/vep-300x168.jpg 300w, http:\/\/www.quiltingstudio.hu\/blog\/wp-content\/uploads\/2008\/08\/vep.jpg 599w\" sizes=\"(max-width: 300px) 100vw, 300px\" \/><\/a><\/p>\n<p style=\"clear:both\">T\u00f6bbf\u00e9le program volt, el\u0151re el kellett d\u00f6nteni, mit szeretn\u00e9nk megvarrni.<\/p>\n<p>Nem k\u00e9sz\u00fclt el minden itt teljesen, de otthon m\u00e1r befejeztem.<\/p>\n<p>Felteszek n\u00e9h\u00e1ny pillanatk\u00e9pet a teljess\u00e9g ig\u00e9nye n\u00e9lk\u00fcl.<\/p>\n<p><!--more--><\/p>\n<p><a href=\"http:\/\/www.quiltingstudio.hu\/blog\/wp-content\/uploads\/2008\/08\/taskam.jpg\"><img decoding=\"async\" loading=\"lazy\" class=\"alignnone size-medium wp-image-581\" title=\"taskam\" src=\"http:\/\/www.quiltingstudio.hu\/blog\/wp-content\/uploads\/2008\/08\/taskam-300x225.jpg\" alt=\"foltos t\u00e1ska\" width=\"300\" height=\"225\" srcset=\"http:\/\/www.quiltingstudio.hu\/blog\/wp-content\/uploads\/2008\/08\/taskam-300x225.jpg 300w, http:\/\/www.quiltingstudio.hu\/blog\/wp-content\/uploads\/2008\/08\/taskam.jpg 599w\" sizes=\"(max-width: 300px) 100vw, 300px\" \/><\/a><\/p>\n<p style=\"clear:both\">Ez egy t\u00e1ska f\u00e9lk\u00e9sz \u00e1llapotban. Az elej\u00e9re tetsz\u0151leges d\u00edsz\u00edt\u00e9st kellett varrni \u00e9s ezt v\u00e1lasztottam. Ezek az anyagok annyira domin\u00e1nsak, hogy csak egym\u00e1ssal \u00e9s egy semleges alapon mutatnak j\u00f3l. (sajnos a sz\u00ednek nem t\u00f6k\u00e9letesek)<\/p>\n<p><a href=\"http:\/\/www.quiltingstudio.hu\/blog\/wp-content\/uploads\/2008\/08\/nybeauty.jpg\"><img decoding=\"async\" loading=\"lazy\" class=\"alignnone size-medium wp-image-582\" title=\"nybeauty\" src=\"http:\/\/www.quiltingstudio.hu\/blog\/wp-content\/uploads\/2008\/08\/nybeauty-300x194.jpg\" alt=\"new york beauty blok\" width=\"300\" height=\"194\" srcset=\"http:\/\/www.quiltingstudio.hu\/blog\/wp-content\/uploads\/2008\/08\/nybeauty-300x194.jpg 300w, http:\/\/www.quiltingstudio.hu\/blog\/wp-content\/uploads\/2008\/08\/nybeauty.jpg 600w\" sizes=\"(max-width: 300px) 100vw, 300px\" \/><\/a><\/p>\n<p style=\"clear:both\">M\u00e1sodik nap t\u00e9m\u00e1ja csak blokkok varr\u00e1sa, mert itt az elk\u00e9sz\u00edt\u00e9se volt a l\u00e9nyeg. \u00dajfajta, gyors technik\u00e1val varrtunk n\u00e9h\u00e1ny New York Beauty blokkot. \u00c9n direkt a batikolt anyagokat v\u00e1lasztottam hozz\u00e1, olyan izgalmass\u00e1 tett\u00e9k a blokkot.<\/p>\n<p><a href=\"http:\/\/www.quiltingstudio.hu\/blog\/wp-content\/uploads\/2008\/08\/alfonzina.jpg\"><img decoding=\"async\" loading=\"lazy\" class=\"alignnone size-medium wp-image-583\" title=\"alfonzina\" src=\"http:\/\/www.quiltingstudio.hu\/blog\/wp-content\/uploads\/2008\/08\/alfonzina-173x300.jpg\" alt=\"country baba\" width=\"173\" height=\"300\" srcset=\"http:\/\/www.quiltingstudio.hu\/blog\/wp-content\/uploads\/2008\/08\/alfonzina-173x300.jpg 173w, http:\/\/www.quiltingstudio.hu\/blog\/wp-content\/uploads\/2008\/08\/alfonzina.jpg 600w\" sizes=\"(max-width: 173px) 100vw, 173px\" \/><\/a><\/p>\n<p style=\"clear:both\">A bab\u00e1t ugyan a m\u00e1sik csoport k\u00e9sz\u00edtette, de az\u00e9rt felteszek r\u00f3la egy k\u00e9pet, olyan b\u00e1jos!<\/p>\n<p><a href=\"http:\/\/www.quiltingstudio.hu\/blog\/wp-content\/uploads\/2008\/08\/lampionok.jpg\"><img decoding=\"async\" loading=\"lazy\" class=\"alignnone size-medium wp-image-584\" title=\"lampionok\" src=\"http:\/\/www.quiltingstudio.hu\/blog\/wp-content\/uploads\/2008\/08\/lampionok-300x168.jpg\" alt=\"lampionok\" width=\"300\" height=\"168\" srcset=\"http:\/\/www.quiltingstudio.hu\/blog\/wp-content\/uploads\/2008\/08\/lampionok-300x168.jpg 300w, http:\/\/www.quiltingstudio.hu\/blog\/wp-content\/uploads\/2008\/08\/lampionok.jpg 599w\" sizes=\"(max-width: 300px) 100vw, 300px\" \/><\/a><\/p>\n<p style=\"clear:both\">Ez is a m\u00e1sik csoport munk\u00e1ja, nagyon vid\u00e1m hangulatos lampionok.<\/p>\n<p>Az utols\u00f3 napi t\u00e1sk\u00e1r\u00f3l menetk\u00f6zben sem k\u00e9sz\u00fclt k\u00e9p. Egy farmer szatyor k\u00e9sz\u00edt\u00e9se volt a t\u00e9ma, otthon m\u00e1r befejeztem, k\u00e9p k\u00e9s\u0151bb.<\/p>\n<p>Kicsit megszenvedtem az \u00e9vente egyszer, csak t\u00e1borokban haszn\u00e1latos g\u00e9pemmel, m\u00e1r a bef\u0171z\u00e9s, ors\u00f3z\u00e1s is gondot jelentett. Annyira hozz\u00e1 lehet szokni a j\u00f3hoz!:o))))<\/p>\n","protected":false},"excerpt":{"rendered":"<p>A t\u00e1bor, amire k\u00e9sz\u00fcltem V\u00e9pen volt, egy gy\u00f6ny\u00f6r\u0171 kast\u00e9lykertben. Az id\u0151 is t\u00f6k\u00e9letes volt. T\u00f6bbf\u00e9le program volt, el\u0151re el kellett d\u00f6nteni, mit szeretn\u00e9nk megvarrni. Nem k\u00e9sz\u00fclt el minden itt teljesen, de otthon m\u00e1r befejeztem. Felteszek n\u00e9h\u00e1ny pillanatk\u00e9pet a teljess\u00e9g ig\u00e9nye n\u00e9lk\u00fcl.<\/p>\n","protected":false},"author":1,"featured_media":0,"comment_status":"open","ping_status":"closed","sticky":false,"template":"","format":"standard","meta":[],"categories":[3],"tags":[],"aioseo_notices":[],"views":2262,"_links":{"self":[{"href":"http:\/\/www.quiltingstudio.hu\/blog\/index.php?rest_route=\/wp\/v2\/posts\/578"}],"collection":[{"href":"http:\/\/www.quiltingstudio.hu\/blog\/index.php?rest_route=\/wp\/v2\/posts"}],"about":[{"href":"http:\/\/www.quiltingstudio.hu\/blog\/index.php?rest_route=\/wp\/v2\/types\/post"}],"author":[{"embeddable":true,"href":"http:\/\/www.quiltingstudio.hu\/blog\/index.php?rest_route=\/wp\/v2\/users\/1"}],"replies":[{"embeddable":true,"href":"http:\/\/www.quiltingstudio.hu\/blog\/index.php?rest_route=%2Fwp%2Fv2%2Fcomments&post=578"}],"version-history":[{"count":0,"href":"http:\/\/www.quiltingstudio.hu\/blog\/index.php?rest_route=\/wp\/v2\/posts\/578\/revisions"}],"wp:attachment":[{"href":"http:\/\/www.quiltingstudio.hu\/blog\/index.php?rest_route=%2Fwp%2Fv2%2Fmedia&parent=578"}],"wp:term":[{"taxonomy":"category","embeddable":true,"href":"http:\/\/www.quiltingstudio.hu\/blog\/index.php?rest_route=%2Fwp%2Fv2%2Fcategories&post=578"},{"taxonomy":"post_tag","embeddable":true,"href":"http:\/\/www.quiltingstudio.hu\/blog\/index.php?rest_route=%2Fwp%2Fv2%2Ftags&post=578"}],"curies":[{"name":"wp","href":"https:\/\/api.w.org\/{rel}","templated":true}]}}