{"id":585,"date":"2008-08-13T14:18:58","date_gmt":"2008-08-13T12:18:58","guid":{"rendered":"http:\/\/www.quiltingstudio.hu\/blog\/?p=585"},"modified":"2008-08-13T14:18:58","modified_gmt":"2008-08-13T12:18:58","slug":"az-elkeszult-taskak","status":"publish","type":"post","link":"http:\/\/www.quiltingstudio.hu\/blog\/?p=585","title":{"rendered":"Az elk\u00e9sz\u00fclt t\u00e1sk\u00e1k"},"content":{"rendered":"<p><a href=\"http:\/\/www.quiltingstudio.hu\/blog\/wp-content\/uploads\/2008\/08\/farmertaska.jpg\"><\/a><a href=\"http:\/\/www.quiltingstudio.hu\/blog\/wp-content\/uploads\/2008\/08\/farmer-applikalt.jpg\"><\/a><a href=\"http:\/\/www.quiltingstudio.hu\/blog\/wp-content\/uploads\/2008\/08\/bezs-taska-hatul.jpg\"><\/a>\u00cdg\u00e9rtem, hogy megmutatom az elk\u00e9sz\u00fclt t\u00e1sk\u00e1kat.<\/p>\n<p>Az els\u0151 napi feladat volt egy t\u00e1ska a kedvenc sz\u00edneinkkel:<\/p>\n<p><a href=\"http:\/\/www.quiltingstudio.hu\/blog\/wp-content\/uploads\/2008\/08\/zold-taska.jpg\"><img decoding=\"async\" loading=\"lazy\" class=\"alignnone size-medium wp-image-586\" title=\"zold-taska\" src=\"http:\/\/www.quiltingstudio.hu\/blog\/wp-content\/uploads\/2008\/08\/zold-taska-266x300.jpg\" alt=\"z\u00f6ld t\u00e1sk\u00e1m\" width=\"266\" height=\"300\" srcset=\"http:\/\/www.quiltingstudio.hu\/blog\/wp-content\/uploads\/2008\/08\/zold-taska-266x300.jpg 266w, http:\/\/www.quiltingstudio.hu\/blog\/wp-content\/uploads\/2008\/08\/zold-taska.jpg 599w\" sizes=\"(max-width: 266px) 100vw, 266px\" \/><\/a><\/p>\n<p style=\"clear:both\">M\u00e1r az el\u0151z\u0151 bejegyz\u00e9sben mutattam k\u00e9pet a f\u00e9lk\u00e9sz t\u00e1sk\u00e1r\u00f3l, ilyen k\u00e9sz \u00e1llapotban. Ugyan nem \u00e1ll\u00edtan\u00e1m, hogy ezek a kedvenc sz\u00edneim, de szerintem mutat\u00f3s. El\u0151l cippz\u00e1ros zsebbel, b\u00e9lelt, m\u00e1gnessel z\u00e1r\u00f3dik.<\/p>\n<p><!--more--><\/p>\n<p>A m\u00e1sodik:<\/p>\n<p><a href=\"http:\/\/www.quiltingstudio.hu\/blog\/wp-content\/uploads\/2008\/08\/barna-taska-elol.jpg\"><img decoding=\"async\" loading=\"lazy\" class=\"alignnone size-medium wp-image-587\" title=\"barna-taska-elol\" src=\"http:\/\/www.quiltingstudio.hu\/blog\/wp-content\/uploads\/2008\/08\/barna-taska-elol-239x300.jpg\" alt=\"ty\u00fakany\u00f3val\" width=\"239\" height=\"300\" srcset=\"http:\/\/www.quiltingstudio.hu\/blog\/wp-content\/uploads\/2008\/08\/barna-taska-elol-239x300.jpg 239w, http:\/\/www.quiltingstudio.hu\/blog\/wp-content\/uploads\/2008\/08\/barna-taska-elol.jpg 599w\" sizes=\"(max-width: 239px) 100vw, 239px\" \/><\/a><\/p>\n<p style=\"clear:both\">Nem teljesen ez volt a feladat. Eredetileg modern technik\u00e1val kellett volna d\u00edsz\u00edteni. Nekem viszont volt n\u00e9h\u00e1ny el\u0151re elk\u00e9sz\u00edtett h\u00edmz\u00e9sem.( j\u00f3l van na, v\u00e9letlen n\u00e1lam voltak!) \u00a0Ez amolyan toj\u00e1sgy\u0171jt\u0151 t\u00e1ska&#8230;:o)))<\/p>\n<p>\u00a0A harmadik:<\/p>\n<p><a href=\"http:\/\/www.quiltingstudio.hu\/blog\/wp-content\/uploads\/2008\/08\/farmertaska.jpg\"><img decoding=\"async\" loading=\"lazy\" class=\"alignnone size-medium wp-image-588\" title=\"farmertaska\" src=\"http:\/\/www.quiltingstudio.hu\/blog\/wp-content\/uploads\/2008\/08\/farmertaska-213x300.jpg\" alt=\"farmer szatyor\" width=\"213\" height=\"300\" srcset=\"http:\/\/www.quiltingstudio.hu\/blog\/wp-content\/uploads\/2008\/08\/farmertaska-213x300.jpg 213w, http:\/\/www.quiltingstudio.hu\/blog\/wp-content\/uploads\/2008\/08\/farmertaska.jpg 599w\" sizes=\"(max-width: 213px) 100vw, 213px\" \/><\/a><\/p>\n<p style=\"clear:both\">Az utols\u00f3 napi program volt ennek az elk\u00e9sz\u00edt\u00e9se. Kicsit nehezebb elk\u00e9pzelni csak a le\u00edr\u00e1s alapj\u00e1n, milyen is lesz a v\u00e9geredm\u00e9ny. Nekem \u00edgy siker\u00fclt, v\u00e9g\u00fcl is nem lett rossz. Ez is b\u00e9lelt, m\u00e1gnessel z\u00e1r\u00f3dik. A\u00a0 h\u00e1toldal\u00e1n m\u00e1sik zsebbel.\u00a0Ez is egy <em>&#8216;\u00fajra felhaszn\u00e1lt&#8217;<\/em> t\u00e1ska, hiszen egy farmeringb\u0151l k\u00e9sz\u00fclt, m\u00e9g a cimk\u00e9t is visszavarrtam a t\u00e1sk\u00e1ra.<\/p>\n<p style=\"clear:both\">\u00a0A r\u00e1ad\u00e1s:<\/p>\n<p style=\"clear:both\">Ez nem volt tananyag, csak megmutattak egy hasonl\u00f3t, az alapj\u00e1n k\u00e9sz\u00fclt.<\/p>\n<p style=\"clear:both\">Szint\u00e9n farmer, felhaszn\u00e1ltam az eredetileg felvarrt zsebet. Mint\u00e1t, m\u00e9retet megkaptam, de \u00e9n a k\u00e9t k\u00fcl\u00f6n foganty\u00fa ( m\u00e9gse legyen f\u00fcl!?) helyett egy v\u00e1llp\u00e1ntot\u00a0varrtam r\u00e1.<\/p>\n<p style=\"clear:both\"><a href=\"http:\/\/www.quiltingstudio.hu\/blog\/wp-content\/uploads\/2008\/08\/farmer-applikalt.jpg\"><img decoding=\"async\" loading=\"lazy\" class=\"alignnone size-medium wp-image-590\" title=\"farmer-applikalt\" src=\"http:\/\/www.quiltingstudio.hu\/blog\/wp-content\/uploads\/2008\/08\/farmer-applikalt-300x240.jpg\" alt=\"farmer t\u00e1ska\" width=\"300\" height=\"240\" srcset=\"http:\/\/www.quiltingstudio.hu\/blog\/wp-content\/uploads\/2008\/08\/farmer-applikalt-300x240.jpg 300w, http:\/\/www.quiltingstudio.hu\/blog\/wp-content\/uploads\/2008\/08\/farmer-applikalt.jpg 599w\" sizes=\"(max-width: 300px) 100vw, 300px\" \/><\/a><\/p>\n<p style=\"clear:both\">A kock\u00e1s b\u00e9l\u00e9s itt is, \u00a0ott is\u00a0megjelenenik&#8230;.<\/p>\n<p style=\"clear:both\"><a href=\"http:\/\/www.quiltingstudio.hu\/blog\/wp-content\/uploads\/2008\/08\/bezs-taska-hatul.jpg\"><img decoding=\"async\" loading=\"lazy\" class=\"alignnone size-medium wp-image-591\" title=\"bezs-taska-hatul\" src=\"http:\/\/www.quiltingstudio.hu\/blog\/wp-content\/uploads\/2008\/08\/bezs-taska-hatul-300x221.jpg\" alt=\"farmer t\u00e1ska \" width=\"300\" height=\"221\" srcset=\"http:\/\/www.quiltingstudio.hu\/blog\/wp-content\/uploads\/2008\/08\/bezs-taska-hatul-300x221.jpg 300w, http:\/\/www.quiltingstudio.hu\/blog\/wp-content\/uploads\/2008\/08\/bezs-taska-hatul.jpg 599w\" sizes=\"(max-width: 300px) 100vw, 300px\" \/><\/a><\/p>\n<p style=\"clear:both\">M\u00e1r megint ilyenekkel j\u00e1tszom, ahelyett, hogy valami <em>\u00e9rtelmeset<\/em> is csin\u00e1ln\u00e9k&#8230;.<\/p>\n<p>\u00a0<\/p>\n","protected":false},"excerpt":{"rendered":"<p>\u00cdg\u00e9rtem, hogy megmutatom az elk\u00e9sz\u00fclt t\u00e1sk\u00e1kat. Az els\u0151 napi feladat volt egy t\u00e1ska a kedvenc sz\u00edneinkkel: M\u00e1r az el\u0151z\u0151 bejegyz\u00e9sben mutattam k\u00e9pet a f\u00e9lk\u00e9sz t\u00e1sk\u00e1r\u00f3l, ilyen k\u00e9sz \u00e1llapotban. Ugyan nem \u00e1ll\u00edtan\u00e1m, hogy ezek a kedvenc sz\u00edneim, de szerintem mutat\u00f3s. El\u0151l cippz\u00e1ros zsebbel, b\u00e9lelt, m\u00e1gnessel z\u00e1r\u00f3dik.<\/p>\n","protected":false},"author":1,"featured_media":0,"comment_status":"open","ping_status":"closed","sticky":false,"template":"","format":"standard","meta":[],"categories":[3],"tags":[],"aioseo_notices":[],"views":8009,"_links":{"self":[{"href":"http:\/\/www.quiltingstudio.hu\/blog\/index.php?rest_route=\/wp\/v2\/posts\/585"}],"collection":[{"href":"http:\/\/www.quiltingstudio.hu\/blog\/index.php?rest_route=\/wp\/v2\/posts"}],"about":[{"href":"http:\/\/www.quiltingstudio.hu\/blog\/index.php?rest_route=\/wp\/v2\/types\/post"}],"author":[{"embeddable":true,"href":"http:\/\/www.quiltingstudio.hu\/blog\/index.php?rest_route=\/wp\/v2\/users\/1"}],"replies":[{"embeddable":true,"href":"http:\/\/www.quiltingstudio.hu\/blog\/index.php?rest_route=%2Fwp%2Fv2%2Fcomments&post=585"}],"version-history":[{"count":0,"href":"http:\/\/www.quiltingstudio.hu\/blog\/index.php?rest_route=\/wp\/v2\/posts\/585\/revisions"}],"wp:attachment":[{"href":"http:\/\/www.quiltingstudio.hu\/blog\/index.php?rest_route=%2Fwp%2Fv2%2Fmedia&parent=585"}],"wp:term":[{"taxonomy":"category","embeddable":true,"href":"http:\/\/www.quiltingstudio.hu\/blog\/index.php?rest_route=%2Fwp%2Fv2%2Fcategories&post=585"},{"taxonomy":"post_tag","embeddable":true,"href":"http:\/\/www.quiltingstudio.hu\/blog\/index.php?rest_route=%2Fwp%2Fv2%2Ftags&post=585"}],"curies":[{"name":"wp","href":"https:\/\/api.w.org\/{rel}","templated":true}]}}