{"id":592,"date":"2008-09-08T09:47:29","date_gmt":"2008-09-08T07:47:29","guid":{"rendered":"http:\/\/www.quiltingstudio.hu\/blog\/?p=592"},"modified":"2008-09-08T09:47:29","modified_gmt":"2008-09-08T07:47:29","slug":"valtozatok-egy-temara","status":"publish","type":"post","link":"http:\/\/www.quiltingstudio.hu\/blog\/?p=592","title":{"rendered":"V\u00e1ltozatok egy t\u00e9m\u00e1ra"},"content":{"rendered":"<p><a href=\"http:\/\/www.quiltingstudio.hu\/blog\/wp-content\/uploads\/2008\/09\/farmer-szatyrok21.jpg\"><img decoding=\"async\" loading=\"lazy\" class=\"alignnone size-medium wp-image-596\" title=\"farmer-szatyrok21\" src=\"http:\/\/www.quiltingstudio.hu\/blog\/wp-content\/uploads\/2008\/09\/farmer-szatyrok21-300x227.jpg\" alt=\"v\u00e1ltozatok \" width=\"300\" height=\"227\" srcset=\"http:\/\/www.quiltingstudio.hu\/blog\/wp-content\/uploads\/2008\/09\/farmer-szatyrok21-300x227.jpg 300w, http:\/\/www.quiltingstudio.hu\/blog\/wp-content\/uploads\/2008\/09\/farmer-szatyrok21.jpg 599w\" sizes=\"(max-width: 300px) 100vw, 300px\" \/><\/a><\/p>\n<p>\u00a0Annyira belej\u00f6ttem a m\u00faltkor a \u00a0farmerszatyor k\u00e9sz\u00edt\u00e9s\u00e9be, hogy hamar gyorsan varrtam m\u00e9g p\u00e1rat.<\/p>\n<p>Nem sok\u00e1ig voltak \u00edgy egy\u00fctt,\u00a0pillanatok alatt \u00a0gazd\u00e1ra tal\u00e1ltak.<\/p>\n<p>\u00a0<\/p>\n","protected":false},"excerpt":{"rendered":"<p>\u00a0Annyira belej\u00f6ttem a m\u00faltkor a \u00a0farmerszatyor k\u00e9sz\u00edt\u00e9s\u00e9be, hogy hamar gyorsan varrtam m\u00e9g p\u00e1rat. Nem sok\u00e1ig voltak \u00edgy egy\u00fctt,\u00a0pillanatok alatt \u00a0gazd\u00e1ra tal\u00e1ltak. \u00a0<\/p>\n","protected":false},"author":1,"featured_media":0,"comment_status":"open","ping_status":"closed","sticky":false,"template":"","format":"standard","meta":[],"categories":[3],"tags":[],"aioseo_notices":[],"views":2362,"_links":{"self":[{"href":"http:\/\/www.quiltingstudio.hu\/blog\/index.php?rest_route=\/wp\/v2\/posts\/592"}],"collection":[{"href":"http:\/\/www.quiltingstudio.hu\/blog\/index.php?rest_route=\/wp\/v2\/posts"}],"about":[{"href":"http:\/\/www.quiltingstudio.hu\/blog\/index.php?rest_route=\/wp\/v2\/types\/post"}],"author":[{"embeddable":true,"href":"http:\/\/www.quiltingstudio.hu\/blog\/index.php?rest_route=\/wp\/v2\/users\/1"}],"replies":[{"embeddable":true,"href":"http:\/\/www.quiltingstudio.hu\/blog\/index.php?rest_route=%2Fwp%2Fv2%2Fcomments&post=592"}],"version-history":[{"count":0,"href":"http:\/\/www.quiltingstudio.hu\/blog\/index.php?rest_route=\/wp\/v2\/posts\/592\/revisions"}],"wp:attachment":[{"href":"http:\/\/www.quiltingstudio.hu\/blog\/index.php?rest_route=%2Fwp%2Fv2%2Fmedia&parent=592"}],"wp:term":[{"taxonomy":"category","embeddable":true,"href":"http:\/\/www.quiltingstudio.hu\/blog\/index.php?rest_route=%2Fwp%2Fv2%2Fcategories&post=592"},{"taxonomy":"post_tag","embeddable":true,"href":"http:\/\/www.quiltingstudio.hu\/blog\/index.php?rest_route=%2Fwp%2Fv2%2Ftags&post=592"}],"curies":[{"name":"wp","href":"https:\/\/api.w.org\/{rel}","templated":true}]}}