{"id":597,"date":"2008-09-08T09:59:46","date_gmt":"2008-09-08T07:59:46","guid":{"rendered":"http:\/\/www.quiltingstudio.hu\/blog\/?p=597"},"modified":"2008-09-08T09:59:46","modified_gmt":"2008-09-08T07:59:46","slug":"vegre-vegeztem","status":"publish","type":"post","link":"http:\/\/www.quiltingstudio.hu\/blog\/?p=597","title":{"rendered":"V\u00e9gre v\u00e9geztem!!!"},"content":{"rendered":"<p><a href=\"http:\/\/www.quiltingstudio.hu\/blog\/wp-content\/uploads\/2008\/09\/kesztyuk.jpg\"><img decoding=\"async\" loading=\"lazy\" class=\"alignnone size-medium wp-image-598\" title=\"kesztyuk\" src=\"http:\/\/www.quiltingstudio.hu\/blog\/wp-content\/uploads\/2008\/09\/kesztyuk-300x209.jpg\" alt=\"t\u0171z\u00e9s ut\u00e1n\" width=\"300\" height=\"209\" srcset=\"http:\/\/www.quiltingstudio.hu\/blog\/wp-content\/uploads\/2008\/09\/kesztyuk-300x209.jpg 300w, http:\/\/www.quiltingstudio.hu\/blog\/wp-content\/uploads\/2008\/09\/kesztyuk.jpg 599w\" sizes=\"(max-width: 300px) 100vw, 300px\" \/><\/a><\/p>\n<p>V\u00e9gre siker\u00fclt befejeznem a t\u0171z\u00e9st ! Szerintem sokkal k\u00f6nnyebb a keszty\u0171vel t\u0171zni, k\u00f6nyebb az anyagot mozgatni. De mire elk\u00e9sz\u00fcltem, <strong>\u00edgy n\u00e9znek ki<\/strong>! Na, ezt \u00e9rti valaki?!<\/p>\n<p>Pedig biztosan nem ebben \u00fcltettem a kaktuszokat!&#8230;<\/p>\n<p>\u00a0<\/p>\n","protected":false},"excerpt":{"rendered":"<p>V\u00e9gre siker\u00fclt befejeznem a t\u0171z\u00e9st ! Szerintem sokkal k\u00f6nnyebb a keszty\u0171vel t\u0171zni, k\u00f6nyebb az anyagot mozgatni. De mire elk\u00e9sz\u00fcltem, \u00edgy n\u00e9znek ki! Na, ezt \u00e9rti valaki?! Pedig biztosan nem ebben \u00fcltettem a kaktuszokat!&#8230; \u00a0<\/p>\n","protected":false},"author":1,"featured_media":0,"comment_status":"open","ping_status":"closed","sticky":false,"template":"","format":"standard","meta":[],"categories":[3],"tags":[],"aioseo_notices":[],"views":2605,"_links":{"self":[{"href":"http:\/\/www.quiltingstudio.hu\/blog\/index.php?rest_route=\/wp\/v2\/posts\/597"}],"collection":[{"href":"http:\/\/www.quiltingstudio.hu\/blog\/index.php?rest_route=\/wp\/v2\/posts"}],"about":[{"href":"http:\/\/www.quiltingstudio.hu\/blog\/index.php?rest_route=\/wp\/v2\/types\/post"}],"author":[{"embeddable":true,"href":"http:\/\/www.quiltingstudio.hu\/blog\/index.php?rest_route=\/wp\/v2\/users\/1"}],"replies":[{"embeddable":true,"href":"http:\/\/www.quiltingstudio.hu\/blog\/index.php?rest_route=%2Fwp%2Fv2%2Fcomments&post=597"}],"version-history":[{"count":0,"href":"http:\/\/www.quiltingstudio.hu\/blog\/index.php?rest_route=\/wp\/v2\/posts\/597\/revisions"}],"wp:attachment":[{"href":"http:\/\/www.quiltingstudio.hu\/blog\/index.php?rest_route=%2Fwp%2Fv2%2Fmedia&parent=597"}],"wp:term":[{"taxonomy":"category","embeddable":true,"href":"http:\/\/www.quiltingstudio.hu\/blog\/index.php?rest_route=%2Fwp%2Fv2%2Fcategories&post=597"},{"taxonomy":"post_tag","embeddable":true,"href":"http:\/\/www.quiltingstudio.hu\/blog\/index.php?rest_route=%2Fwp%2Fv2%2Ftags&post=597"}],"curies":[{"name":"wp","href":"https:\/\/api.w.org\/{rel}","templated":true}]}}