{"id":599,"date":"2008-09-08T10:45:58","date_gmt":"2008-09-08T08:45:58","guid":{"rendered":"http:\/\/www.quiltingstudio.hu\/blog\/?p=599"},"modified":"2008-09-08T22:18:17","modified_gmt":"2008-09-08T20:18:17","slug":"oszi-falevelek-2","status":"publish","type":"post","link":"http:\/\/www.quiltingstudio.hu\/blog\/?p=599","title":{"rendered":"\u0150szi falevelek&#8230;"},"content":{"rendered":"<p><a href=\"http:\/\/www.quiltingstudio.hu\/blog\/wp-content\/uploads\/2008\/09\/dme-ujsag.jpg\"><\/a><\/p>\n<p><a href=\"http:\/\/www.quiltingstudio.hu\/blog\/wp-content\/uploads\/2008\/09\/terito.jpg\"><\/a><\/p>\n<p><a href=\"http:\/\/www.quiltingstudio.hu\/blog\/wp-content\/uploads\/2008\/09\/applikalt-falevelek.jpg\"><img decoding=\"async\" loading=\"lazy\" class=\"alignnone size-medium wp-image-600\" title=\"applikalt-falevelek\" src=\"http:\/\/www.quiltingstudio.hu\/blog\/wp-content\/uploads\/2008\/09\/applikalt-falevelek-300x234.jpg\" alt=\"\u0151szi levelek\" width=\"300\" height=\"234\" srcset=\"http:\/\/www.quiltingstudio.hu\/blog\/wp-content\/uploads\/2008\/09\/applikalt-falevelek-300x234.jpg 300w, http:\/\/www.quiltingstudio.hu\/blog\/wp-content\/uploads\/2008\/09\/applikalt-falevelek.jpg 599w\" sizes=\"(max-width: 300px) 100vw, 300px\" \/><\/a><\/p>\n<p>Miut\u00e1n\u00a0 felszabadultam, azaz elk\u00e9sz\u00fcltem a leg\u00fajabb remekm\u0171vemmel, v\u00e9gre j\u00e1tszhatok egy kicsit.\u00a0Most m\u00e1r\u00a0azt csin\u00e1lhatom, amihez \u00e9ppen kedvem szottyan&#8230;.\u00a0megint\u00a0 h\u00edmezgethetek.<\/p>\n<p><!--more--><\/p>\n<p>Kor\u00e1bban vettem egy sz\u00e9p h\u00f3feh\u00e9r damaszt asztalter\u00edt\u0151t. (Eddig sosem volt nekem ilyen, mert nem volt kompatibilis a gyerekekkel!) De ez \u00edgy t\u00fal egyszer\u0171 lett volna, ez\u00e9rt \u00fagy d\u00f6n\u00f6ttem h\u00edmzek r\u00e1 valamit. Im\u00e1dom a g\u00e9pi applik\u00e1lt mint\u00e1kat \u00e9s tal\u00e1ltam is egy nagyon sz\u00e9pet, elhat\u00e1roztam evvel fogom d\u00edsz\u00edteni a ter\u00edt\u0151t. T\u00f6rt\u00e9netesen az el\u0151z\u0151 k\u00e9pemn\u00e9l pont ilyen sz\u00edn\u0171 apr\u00f3 darabok maradtak, ezek t\u00f6k\u00e9letesek voltak ide.<\/p>\n<p>Elmes\u00e9lem, hogy tal\u00e1ltam ezt az ingyenes mint\u00e1t. M\u00e1r j\u00f3 ideje keresgettem olyan foly\u00f3iratok k\u00f6z\u00f6tt, amik a g\u00e9pi h\u00edmz\u00e9ssel foglalkoznak. Tal\u00e1ltam is az e-Bay-n rendesen. \u00dagy d\u00f6nt\u00f6ttem kipr\u00f3b\u00e1lom \u00e9s vettem tal\u00e1lomra\u00a04 k\u00fcl\u00f6nb\u00f6z\u0151 \u00fajs\u00e1got. (most nem f\u00e1rasztan\u00e1lak benneteket a felsorol\u00e1ssal) A legjobban a <em><strong>Designs in Machine Embroidery<\/strong><\/em> c\u00edm\u0171 \u00fajs\u00e1g tetszett. ( a c\u00edmlapja, gondolom a h\u00f6lgy mindenkinek ismer\u0151s, aki kicsit is bele\u00e1sta m\u00e1r mag\u00e1t a t\u00e9m\u00e1ba.)<\/p>\n<p><a href=\"http:\/\/www.quiltingstudio.hu\/blog\/wp-content\/uploads\/2008\/09\/dme-ujsag.jpg\"><img decoding=\"async\" loading=\"lazy\" class=\"alignnone size-medium wp-image-601\" title=\"dme-ujsag\" src=\"http:\/\/www.quiltingstudio.hu\/blog\/wp-content\/uploads\/2008\/09\/dme-ujsag-230x300.jpg\" alt=\"az \u00fajs\u00e1g c\u00edmlapja\" width=\"230\" height=\"300\" srcset=\"http:\/\/www.quiltingstudio.hu\/blog\/wp-content\/uploads\/2008\/09\/dme-ujsag-230x300.jpg 230w, http:\/\/www.quiltingstudio.hu\/blog\/wp-content\/uploads\/2008\/09\/dme-ujsag.jpg 599w\" sizes=\"(max-width: 230px) 100vw, 230px\" \/><\/a><\/p>\n<p>Ebben h\u00edvt\u00e1k fel a figyelmemet egy honlapra : <a href=\"http:\/\/www.dzgns.com\" target=\"_blank\">www.dzgns.com<\/a><\/p>\n<p>Egy gyors regisztr\u00e1ci\u00f3 ut\u00e1n v\u00e9giglapozhat\u00f3 most m\u00e1r 3 sz\u00e1m is, mik\u00f6zben\u00a0sok-sok ingyenes minta is let\u00f6lthet\u0151. Ha valaki ennek neki\u00fcl, vegyen maga mell\u00e9 egy k\u00e1v\u00e9t vagy te\u00e1t, mert az \u00fajs\u00e1gok nem kicsik. ( mindegyik j\u00f3val t\u00f6bb, mint 100 oldalas!) \u00e9s rengeteg \u00e9rdekess\u00e9get tal\u00e1lhat benn\u00fck. Sz\u00f3val, itt ezek k\u00f6z\u00f6tt tal\u00e1ltam ezt is \u00e9s felt\u00e9tlen\u00fcl ki kellett pr\u00f3b\u00e1lnom \u00e9s nem csal\u00f3dtam.<\/p>\n<p style=\"clear:both\">\u00cdme a ter\u00edt\u0151:<\/p>\n<p><a href=\"http:\/\/www.quiltingstudio.hu\/blog\/wp-content\/uploads\/2008\/09\/terito.jpg\"><img decoding=\"async\" loading=\"lazy\" class=\"alignnone size-medium wp-image-602\" title=\"terito\" src=\"http:\/\/www.quiltingstudio.hu\/blog\/wp-content\/uploads\/2008\/09\/terito-300x228.jpg\" alt=\"applik\u00e1lt damaszt ter\u00edt\u0151\" width=\"300\" height=\"228\" srcset=\"http:\/\/www.quiltingstudio.hu\/blog\/wp-content\/uploads\/2008\/09\/terito-300x228.jpg 300w, http:\/\/www.quiltingstudio.hu\/blog\/wp-content\/uploads\/2008\/09\/terito.jpg 599w\" sizes=\"(max-width: 300px) 100vw, 300px\" \/><\/a><\/p>\n<p>Kellemes b\u00f6ng\u00e9sz\u00e9st mindekinek!<\/p>\n","protected":false},"excerpt":{"rendered":"<p>Miut\u00e1n\u00a0 felszabadultam, azaz elk\u00e9sz\u00fcltem a leg\u00fajabb remekm\u0171vemmel, v\u00e9gre j\u00e1tszhatok egy kicsit.\u00a0Most m\u00e1r\u00a0azt csin\u00e1lhatom, amihez \u00e9ppen kedvem szottyan&#8230;.\u00a0megint\u00a0 h\u00edmezgethetek.<\/p>\n","protected":false},"author":1,"featured_media":0,"comment_status":"open","ping_status":"closed","sticky":false,"template":"","format":"standard","meta":[],"categories":[4],"tags":[],"aioseo_notices":[],"views":10807,"_links":{"self":[{"href":"http:\/\/www.quiltingstudio.hu\/blog\/index.php?rest_route=\/wp\/v2\/posts\/599"}],"collection":[{"href":"http:\/\/www.quiltingstudio.hu\/blog\/index.php?rest_route=\/wp\/v2\/posts"}],"about":[{"href":"http:\/\/www.quiltingstudio.hu\/blog\/index.php?rest_route=\/wp\/v2\/types\/post"}],"author":[{"embeddable":true,"href":"http:\/\/www.quiltingstudio.hu\/blog\/index.php?rest_route=\/wp\/v2\/users\/1"}],"replies":[{"embeddable":true,"href":"http:\/\/www.quiltingstudio.hu\/blog\/index.php?rest_route=%2Fwp%2Fv2%2Fcomments&post=599"}],"version-history":[{"count":0,"href":"http:\/\/www.quiltingstudio.hu\/blog\/index.php?rest_route=\/wp\/v2\/posts\/599\/revisions"}],"wp:attachment":[{"href":"http:\/\/www.quiltingstudio.hu\/blog\/index.php?rest_route=%2Fwp%2Fv2%2Fmedia&parent=599"}],"wp:term":[{"taxonomy":"category","embeddable":true,"href":"http:\/\/www.quiltingstudio.hu\/blog\/index.php?rest_route=%2Fwp%2Fv2%2Fcategories&post=599"},{"taxonomy":"post_tag","embeddable":true,"href":"http:\/\/www.quiltingstudio.hu\/blog\/index.php?rest_route=%2Fwp%2Fv2%2Ftags&post=599"}],"curies":[{"name":"wp","href":"https:\/\/api.w.org\/{rel}","templated":true}]}}