{"id":603,"date":"2008-09-16T22:29:59","date_gmt":"2008-09-16T20:29:59","guid":{"rendered":"http:\/\/www.quiltingstudio.hu\/blog\/?p=603"},"modified":"2008-09-16T22:29:59","modified_gmt":"2008-09-16T20:29:59","slug":"redwork","status":"publish","type":"post","link":"http:\/\/www.quiltingstudio.hu\/blog\/?p=603","title":{"rendered":"Redwork&#8230;"},"content":{"rendered":"<p>Vannak olyan mint\u00e1k, amiket musz\u00e1j kivarrni! Ezek is ilyenek. Sokszor m\u00e9g nem tudom mi is lesz a sorsa, de nem b\u00edrom meg\u00e1llni, hogy ne h\u00edmezzem ki.<\/p>\n<p>Mutatom a k\u00e9peket \u00e9s szerintem sokan adnak majd nekem igazat.<\/p>\n<p><a href=\"http:\/\/www.quiltingstudio.hu\/blog\/wp-content\/uploads\/2008\/09\/padon.jpg\"><img decoding=\"async\" loading=\"lazy\" class=\"alignnone size-medium wp-image-607\" title=\"padon\" src=\"http:\/\/www.quiltingstudio.hu\/blog\/wp-content\/uploads\/2008\/09\/padon-227x300.jpg\" alt=\"gyerekek\" width=\"227\" height=\"300\" srcset=\"http:\/\/www.quiltingstudio.hu\/blog\/wp-content\/uploads\/2008\/09\/padon-227x300.jpg 227w, http:\/\/www.quiltingstudio.hu\/blog\/wp-content\/uploads\/2008\/09\/padon.jpg 455w\" sizes=\"(max-width: 227px) 100vw, 227px\" \/><\/a><\/p>\n<p style=\"clear:both\">\n<p><!--more--><\/p>\n<p><a href=\"http:\/\/www.quiltingstudio.hu\/blog\/wp-content\/uploads\/2008\/09\/kalapok.jpg\"><img decoding=\"async\" loading=\"lazy\" class=\"alignnone size-medium wp-image-604\" title=\"kalapok\" src=\"http:\/\/www.quiltingstudio.hu\/blog\/wp-content\/uploads\/2008\/09\/kalapok-300x206.jpg\" alt=\"redwork kalapok\" width=\"300\" height=\"206\" srcset=\"http:\/\/www.quiltingstudio.hu\/blog\/wp-content\/uploads\/2008\/09\/kalapok-300x206.jpg 300w, http:\/\/www.quiltingstudio.hu\/blog\/wp-content\/uploads\/2008\/09\/kalapok.jpg 599w\" sizes=\"(max-width: 300px) 100vw, 300px\" \/><\/a><\/p>\n<p style=\"clear:both\">\n<p><a href=\"http:\/\/www.quiltingstudio.hu\/blog\/wp-content\/uploads\/2008\/09\/la-parisienne.jpg\"><img decoding=\"async\" loading=\"lazy\" class=\"alignnone size-medium wp-image-605\" title=\"la-parisienne\" src=\"http:\/\/www.quiltingstudio.hu\/blog\/wp-content\/uploads\/2008\/09\/la-parisienne-300x278.jpg\" alt=\"lady in red\" width=\"300\" height=\"278\" srcset=\"http:\/\/www.quiltingstudio.hu\/blog\/wp-content\/uploads\/2008\/09\/la-parisienne-300x278.jpg 300w, http:\/\/www.quiltingstudio.hu\/blog\/wp-content\/uploads\/2008\/09\/la-parisienne.jpg 599w\" sizes=\"(max-width: 300px) 100vw, 300px\" \/><\/a><\/p>\n<p style=\"clear:both\">\n<p><a href=\"http:\/\/www.quiltingstudio.hu\/blog\/wp-content\/uploads\/2008\/09\/kislany-viraggal.jpg\"><img decoding=\"async\" loading=\"lazy\" class=\"alignnone size-medium wp-image-606\" title=\"kislany-viraggal\" src=\"http:\/\/www.quiltingstudio.hu\/blog\/wp-content\/uploads\/2008\/09\/kislany-viraggal-242x300.jpg\" alt=\"redwork kisl\u00e1ny\" width=\"242\" height=\"300\" srcset=\"http:\/\/www.quiltingstudio.hu\/blog\/wp-content\/uploads\/2008\/09\/kislany-viraggal-242x300.jpg 242w, http:\/\/www.quiltingstudio.hu\/blog\/wp-content\/uploads\/2008\/09\/kislany-viraggal.jpg 599w\" sizes=\"(max-width: 242px) 100vw, 242px\" \/><\/a><\/p>\n<p style=\"clear:both\">\n<p>Halv\u00e1ny elk\u00e9pzel\u00e9seim az\u00e9rt vannak. Ha elk\u00e9sz\u00fclnek, majd megmutatom<a href=\"http:\/\/www.quiltingstudio.hu\/blog\/wp-content\/uploads\/2008\/09\/padon.jpg\">.<br \/>\n<\/a><\/p>\n","protected":false},"excerpt":{"rendered":"<p>Vannak olyan mint\u00e1k, amiket musz\u00e1j kivarrni! Ezek is ilyenek. Sokszor m\u00e9g nem tudom mi is lesz a sorsa, de nem b\u00edrom meg\u00e1llni, hogy ne h\u00edmezzem ki. Mutatom a k\u00e9peket \u00e9s szerintem sokan adnak majd nekem igazat.<\/p>\n","protected":false},"author":1,"featured_media":0,"comment_status":"open","ping_status":"closed","sticky":false,"template":"","format":"standard","meta":[],"categories":[4],"tags":[],"aioseo_notices":[],"views":8212,"_links":{"self":[{"href":"http:\/\/www.quiltingstudio.hu\/blog\/index.php?rest_route=\/wp\/v2\/posts\/603"}],"collection":[{"href":"http:\/\/www.quiltingstudio.hu\/blog\/index.php?rest_route=\/wp\/v2\/posts"}],"about":[{"href":"http:\/\/www.quiltingstudio.hu\/blog\/index.php?rest_route=\/wp\/v2\/types\/post"}],"author":[{"embeddable":true,"href":"http:\/\/www.quiltingstudio.hu\/blog\/index.php?rest_route=\/wp\/v2\/users\/1"}],"replies":[{"embeddable":true,"href":"http:\/\/www.quiltingstudio.hu\/blog\/index.php?rest_route=%2Fwp%2Fv2%2Fcomments&post=603"}],"version-history":[{"count":0,"href":"http:\/\/www.quiltingstudio.hu\/blog\/index.php?rest_route=\/wp\/v2\/posts\/603\/revisions"}],"wp:attachment":[{"href":"http:\/\/www.quiltingstudio.hu\/blog\/index.php?rest_route=%2Fwp%2Fv2%2Fmedia&parent=603"}],"wp:term":[{"taxonomy":"category","embeddable":true,"href":"http:\/\/www.quiltingstudio.hu\/blog\/index.php?rest_route=%2Fwp%2Fv2%2Fcategories&post=603"},{"taxonomy":"post_tag","embeddable":true,"href":"http:\/\/www.quiltingstudio.hu\/blog\/index.php?rest_route=%2Fwp%2Fv2%2Ftags&post=603"}],"curies":[{"name":"wp","href":"https:\/\/api.w.org\/{rel}","templated":true}]}}