{"id":608,"date":"2008-09-22T10:32:03","date_gmt":"2008-09-22T08:32:03","guid":{"rendered":"http:\/\/www.quiltingstudio.hu\/blog\/?p=608"},"modified":"2008-09-22T10:50:48","modified_gmt":"2008-09-22T08:50:48","slug":"redwork-keszen","status":"publish","type":"post","link":"http:\/\/www.quiltingstudio.hu\/blog\/?p=608","title":{"rendered":"Redwork k\u00e9szen&#8230;"},"content":{"rendered":"<p><a href=\"http:\/\/www.quiltingstudio.hu\/blog\/wp-content\/uploads\/2008\/09\/tolltarto.jpg\"><img decoding=\"async\" loading=\"lazy\" class=\"alignnone size-medium wp-image-609\" title=\"tolltarto\" src=\"http:\/\/www.quiltingstudio.hu\/blog\/wp-content\/uploads\/2008\/09\/tolltarto-300x286.jpg\" alt=\"rw tolltart\u00f3\" width=\"300\" height=\"286\" srcset=\"http:\/\/www.quiltingstudio.hu\/blog\/wp-content\/uploads\/2008\/09\/tolltarto-300x286.jpg 300w, http:\/\/www.quiltingstudio.hu\/blog\/wp-content\/uploads\/2008\/09\/tolltarto.jpg 599w\" sizes=\"(max-width: 300px) 100vw, 300px\" \/><\/a><\/p>\n<p>\u00cdg\u00e9rtem, ha elk\u00e9sz\u00fcl valamelyik megmutatom.<\/p>\n<p>Ime: a kalapos, kalapdobozos k\u00e9pb\u0151l ez a kis tolltart\u00f3 k\u00e9sz\u00fclt. Azaz egy konzerves doboz m\u00e1sodik \u00e9lete!<\/p>\n<p>\u00a0<!--more--><\/p>\n<p style=\"clear:both\"><a href=\"http:\/\/www.quiltingstudio.hu\/blog\/wp-content\/uploads\/2008\/09\/tolltarto2.jpg\"><img decoding=\"async\" loading=\"lazy\" class=\"alignnone size-medium wp-image-610\" title=\"tolltarto2\" src=\"http:\/\/www.quiltingstudio.hu\/blog\/wp-content\/uploads\/2008\/09\/tolltarto2-297x300.jpg\" alt=\"rw doboz\" width=\"297\" height=\"300\" srcset=\"http:\/\/www.quiltingstudio.hu\/blog\/wp-content\/uploads\/2008\/09\/tolltarto2-297x300.jpg 297w, http:\/\/www.quiltingstudio.hu\/blog\/wp-content\/uploads\/2008\/09\/tolltarto2.jpg 599w\" sizes=\"(max-width: 297px) 100vw, 297px\" \/><\/a><\/p>\n<p>Nagyon j\u00f3 \u00f6tletnek tartom, hogy adjuk a nev\u00fcnket \u00a0azokhoz a dolgokhoz, amiket alkottunk.\u00a0 Ett\u0151l kezdve, ez lesz az \u00e9n &#8216;fels\u00e9gjelz\u00e9sem&#8217; !!!<\/p>\n<p style=\"clear:both\">Egy m\u00e1sikat egy bev\u00e1s\u00e1rl\u00f3t\u00e1sk\u00e1ba \u00e9p\u00edtettem be, csupa piros \u00e9s feh\u00e9r sz\u00ednekkel.<\/p>\n<p><a href=\"http:\/\/www.quiltingstudio.hu\/blog\/wp-content\/uploads\/2008\/09\/rwszatyor.jpg\"><img decoding=\"async\" loading=\"lazy\" class=\"alignnone size-medium wp-image-611\" title=\"rwszatyor\" src=\"http:\/\/www.quiltingstudio.hu\/blog\/wp-content\/uploads\/2008\/09\/rwszatyor-219x300.jpg\" alt=\"bev\u00e1s\u00e1rl\u00f3 szatyor\" width=\"219\" height=\"300\" srcset=\"http:\/\/www.quiltingstudio.hu\/blog\/wp-content\/uploads\/2008\/09\/rwszatyor-219x300.jpg 219w, http:\/\/www.quiltingstudio.hu\/blog\/wp-content\/uploads\/2008\/09\/rwszatyor.jpg 599w\" sizes=\"(max-width: 219px) 100vw, 219px\" \/><\/a><\/p>\n<p>\u00a0Most ebben cipeljem a krumplit?! Lehet, ezzel csak vas\u00e1rnap megyek a boltba&#8230;.:o)))<\/p>\n","protected":false},"excerpt":{"rendered":"<p>\u00cdg\u00e9rtem, ha elk\u00e9sz\u00fcl valamelyik megmutatom. Ime: a kalapos, kalapdobozos k\u00e9pb\u0151l ez a kis tolltart\u00f3 k\u00e9sz\u00fclt. Azaz egy konzerves doboz m\u00e1sodik \u00e9lete! \u00a0<\/p>\n","protected":false},"author":1,"featured_media":0,"comment_status":"open","ping_status":"closed","sticky":false,"template":"","format":"standard","meta":[],"categories":[3,4],"tags":[],"aioseo_notices":[],"views":3024,"_links":{"self":[{"href":"http:\/\/www.quiltingstudio.hu\/blog\/index.php?rest_route=\/wp\/v2\/posts\/608"}],"collection":[{"href":"http:\/\/www.quiltingstudio.hu\/blog\/index.php?rest_route=\/wp\/v2\/posts"}],"about":[{"href":"http:\/\/www.quiltingstudio.hu\/blog\/index.php?rest_route=\/wp\/v2\/types\/post"}],"author":[{"embeddable":true,"href":"http:\/\/www.quiltingstudio.hu\/blog\/index.php?rest_route=\/wp\/v2\/users\/1"}],"replies":[{"embeddable":true,"href":"http:\/\/www.quiltingstudio.hu\/blog\/index.php?rest_route=%2Fwp%2Fv2%2Fcomments&post=608"}],"version-history":[{"count":0,"href":"http:\/\/www.quiltingstudio.hu\/blog\/index.php?rest_route=\/wp\/v2\/posts\/608\/revisions"}],"wp:attachment":[{"href":"http:\/\/www.quiltingstudio.hu\/blog\/index.php?rest_route=%2Fwp%2Fv2%2Fmedia&parent=608"}],"wp:term":[{"taxonomy":"category","embeddable":true,"href":"http:\/\/www.quiltingstudio.hu\/blog\/index.php?rest_route=%2Fwp%2Fv2%2Fcategories&post=608"},{"taxonomy":"post_tag","embeddable":true,"href":"http:\/\/www.quiltingstudio.hu\/blog\/index.php?rest_route=%2Fwp%2Fv2%2Ftags&post=608"}],"curies":[{"name":"wp","href":"https:\/\/api.w.org\/{rel}","templated":true}]}}