{"id":617,"date":"2008-10-01T16:21:05","date_gmt":"2008-10-01T14:21:05","guid":{"rendered":"http:\/\/www.quiltingstudio.hu\/blog\/?p=617"},"modified":"2008-10-01T19:59:38","modified_gmt":"2008-10-01T17:59:38","slug":"gyors-ajandekok","status":"publish","type":"post","link":"http:\/\/www.quiltingstudio.hu\/blog\/?p=617","title":{"rendered":"Gyors aj\u00e1nd\u00e9kok&#8230;"},"content":{"rendered":"<p><a href=\"http:\/\/www.quiltingstudio.hu\/blog\/wp-content\/uploads\/2008\/10\/neszesszerek.jpg\"><img decoding=\"async\" loading=\"lazy\" class=\"alignnone size-medium wp-image-620\" title=\"neszesszerek\" src=\"http:\/\/www.quiltingstudio.hu\/blog\/wp-content\/uploads\/2008\/10\/neszesszerek-300x168.jpg\" alt=\"sok neszesszer\" width=\"300\" height=\"168\" srcset=\"http:\/\/www.quiltingstudio.hu\/blog\/wp-content\/uploads\/2008\/10\/neszesszerek-300x168.jpg 300w, http:\/\/www.quiltingstudio.hu\/blog\/wp-content\/uploads\/2008\/10\/neszesszerek.jpg 597w\" sizes=\"(max-width: 300px) 100vw, 300px\" \/><\/a><\/p>\n<p>Megk\u00e9rtek, hogy varrjak n\u00e9h\u00e1ny apr\u00f3s\u00e1got. Mindegy mit, valamit&#8230;. Sok id\u0151m nem volt r\u00e1 \u00e9s \u00e9ppen volt otthon ilyen fekete marad\u00e9kom. Ja \u00e9s nagyon szeretek h\u00edmezgetni&#8230;ami megtetszik.<\/p>\n<p><!--more--><\/p>\n<p>Ilyen h\u00edmzett &#8222;ak\u00e1rmitart\u00f3t&#8221; varrtam bel\u0151le. A\u00a0s\u00f6t\u00e9t alapon \u00a0nagyon j\u00f3l \u00e9rv\u00e9nyes\u00fcltek a sz\u00ednes mint\u00e1k. M\u00e9g n\u00e9h\u00e1ny felragaszthat\u00f3 csillog\u00f3 kis k\u00f6vecsk\u00e9ket is tettem r\u00e1. (rhinestones) A k\u00e9peken ugyan nem l\u00e1tszik, de olyan n\u0151iesek lettek t\u0151le.<\/p>\n<p><a href=\"http:\/\/www.quiltingstudio.hu\/blog\/wp-content\/uploads\/2008\/10\/tulipanos-2.jpg\"><img decoding=\"async\" loading=\"lazy\" class=\"alignnone size-medium wp-image-619\" title=\"tulipanos-2\" src=\"http:\/\/www.quiltingstudio.hu\/blog\/wp-content\/uploads\/2008\/10\/tulipanos-2-300x197.jpg\" alt=\"h\u00edmzett neszesszer\" width=\"300\" height=\"197\" srcset=\"http:\/\/www.quiltingstudio.hu\/blog\/wp-content\/uploads\/2008\/10\/tulipanos-2-300x197.jpg 300w, http:\/\/www.quiltingstudio.hu\/blog\/wp-content\/uploads\/2008\/10\/tulipanos-2.jpg 598w\" sizes=\"(max-width: 300px) 100vw, 300px\" \/><\/a><\/p>\n<p>pl. az egyik oldal<\/p>\n<p style=\"clear:both\">&nbsp;<\/p>\n<p><a href=\"http:\/\/www.quiltingstudio.hu\/blog\/wp-content\/uploads\/2008\/10\/tulipanos.jpg\"><img decoding=\"async\" loading=\"lazy\" class=\"alignnone size-medium wp-image-618\" title=\"tulipanos\" src=\"http:\/\/www.quiltingstudio.hu\/blog\/wp-content\/uploads\/2008\/10\/tulipanos-300x180.jpg\" alt=\"neszesszer\" width=\"300\" height=\"180\" srcset=\"http:\/\/www.quiltingstudio.hu\/blog\/wp-content\/uploads\/2008\/10\/tulipanos-300x180.jpg 300w, http:\/\/www.quiltingstudio.hu\/blog\/wp-content\/uploads\/2008\/10\/tulipanos.jpg 598w\" sizes=\"(max-width: 300px) 100vw, 300px\" \/><\/a><\/p>\n<p>pl. a m\u00e1sik oldal<\/p>\n","protected":false},"excerpt":{"rendered":"<p>Megk\u00e9rtek, hogy varrjak n\u00e9h\u00e1ny apr\u00f3s\u00e1got. Mindegy mit, valamit&#8230;. Sok id\u0151m nem volt r\u00e1 \u00e9s \u00e9ppen volt otthon ilyen fekete marad\u00e9kom. Ja \u00e9s nagyon szeretek h\u00edmezgetni&#8230;ami megtetszik.<\/p>\n","protected":false},"author":1,"featured_media":0,"comment_status":"open","ping_status":"closed","sticky":false,"template":"","format":"standard","meta":[],"categories":[3,4],"tags":[],"aioseo_notices":[],"views":2413,"_links":{"self":[{"href":"http:\/\/www.quiltingstudio.hu\/blog\/index.php?rest_route=\/wp\/v2\/posts\/617"}],"collection":[{"href":"http:\/\/www.quiltingstudio.hu\/blog\/index.php?rest_route=\/wp\/v2\/posts"}],"about":[{"href":"http:\/\/www.quiltingstudio.hu\/blog\/index.php?rest_route=\/wp\/v2\/types\/post"}],"author":[{"embeddable":true,"href":"http:\/\/www.quiltingstudio.hu\/blog\/index.php?rest_route=\/wp\/v2\/users\/1"}],"replies":[{"embeddable":true,"href":"http:\/\/www.quiltingstudio.hu\/blog\/index.php?rest_route=%2Fwp%2Fv2%2Fcomments&post=617"}],"version-history":[{"count":0,"href":"http:\/\/www.quiltingstudio.hu\/blog\/index.php?rest_route=\/wp\/v2\/posts\/617\/revisions"}],"wp:attachment":[{"href":"http:\/\/www.quiltingstudio.hu\/blog\/index.php?rest_route=%2Fwp%2Fv2%2Fmedia&parent=617"}],"wp:term":[{"taxonomy":"category","embeddable":true,"href":"http:\/\/www.quiltingstudio.hu\/blog\/index.php?rest_route=%2Fwp%2Fv2%2Fcategories&post=617"},{"taxonomy":"post_tag","embeddable":true,"href":"http:\/\/www.quiltingstudio.hu\/blog\/index.php?rest_route=%2Fwp%2Fv2%2Ftags&post=617"}],"curies":[{"name":"wp","href":"https:\/\/api.w.org\/{rel}","templated":true}]}}