{"id":662,"date":"2008-10-27T17:07:12","date_gmt":"2008-10-27T15:07:12","guid":{"rendered":"http:\/\/www.quiltingstudio.hu\/blog\/?p=662"},"modified":"2008-10-27T17:07:12","modified_gmt":"2008-10-27T15:07:12","slug":"konyhai-keztorlok","status":"publish","type":"post","link":"http:\/\/www.quiltingstudio.hu\/blog\/?p=662","title":{"rendered":"Konyhai k\u00e9zt\u00f6rl\u0151k"},"content":{"rendered":"<p>Ha adott egy konyhai k\u00e9zt\u00f6rl\u0151 ( t\u00f6r\u00f6lk\u00f6z\u0151) \u00e9s egy t\u00e1lal\u00e1t\u00e9t, pillanatok alatt elk\u00e9sz\u00fcl. Szerintem aj\u00e1nd\u00e9knak is kit\u0171n\u0151.<\/p>\n<p>Nekem \u00e9pp egyik sem volt k\u00e9zn\u00e9l, \u00edgy varrtam.\u00a0<\/p>\n<p><a href=\"http:\/\/www.quiltingstudio.hu\/blog\/wp-content\/uploads\/2008\/10\/keztorlok.jpg\"><img decoding=\"async\" loading=\"lazy\" class=\"alignnone size-medium wp-image-660\" title=\"keztorlok\" src=\"http:\/\/www.quiltingstudio.hu\/blog\/wp-content\/uploads\/2008\/10\/keztorlok-300x194.jpg\" alt=\"k\u00e9zt\u00f6rl\u0151k\" width=\"300\" height=\"194\" srcset=\"http:\/\/www.quiltingstudio.hu\/blog\/wp-content\/uploads\/2008\/10\/keztorlok-300x194.jpg 300w, http:\/\/www.quiltingstudio.hu\/blog\/wp-content\/uploads\/2008\/10\/keztorlok.jpg 600w\" sizes=\"(max-width: 300px) 100vw, 300px\" \/><\/a><\/p>\n<p><!--more--><\/p>\n<p>K\u00e9sz\u00edtettem egy n\u00e9gyzet alak\u00fa (sarkokat lekerek\u00edtve) \u00a0al\u00e1t\u00e9tet (szok\u00e1sos 3 r\u00e9teg, t\u0171zve) k\u00e9szre \u00a0\u00e9s f\u00e9lbehajtottam. Att\u00f3l f\u00fcgg\u0151en, hogyan hajtom lehet ilyen vagy olyan. A k\u00e9zt\u00f6rl\u0151t f\u00e9lbehajtottam, kicsit \u00f6sszer\u00e1ncoltam \u00e9s r\u00e1varrtam a fels\u0151r\u00e9szt.<\/p>\n<p>N\u00e9mi kis h\u00edmz\u00e9ssel feldobtam, nekem nagyon tetszenek\u00a0ezek a kev\u00e9s \u00f6lt\u00e9sb\u0151l \u00e1ll\u00f3 mint\u00e1k.<\/p>\n<p><a href=\"http:\/\/www.quiltingstudio.hu\/blog\/wp-content\/uploads\/2008\/10\/kiscsibek.jpg\"><img decoding=\"async\" loading=\"lazy\" class=\"alignnone size-medium wp-image-661\" title=\"kiscsibek\" src=\"http:\/\/www.quiltingstudio.hu\/blog\/wp-content\/uploads\/2008\/10\/kiscsibek-300x168.jpg\" alt=\"h\u00edmz\u00e9s\" width=\"300\" height=\"168\" srcset=\"http:\/\/www.quiltingstudio.hu\/blog\/wp-content\/uploads\/2008\/10\/kiscsibek-300x168.jpg 300w, http:\/\/www.quiltingstudio.hu\/blog\/wp-content\/uploads\/2008\/10\/kiscsibek.jpg 600w\" sizes=\"(max-width: 300px) 100vw, 300px\" \/><\/a><\/p>\n<p>Ugye nem bonyolult?\u00a0 De mi\u00e9rt\u00a0 nem akarja senki sem belet\u00f6r\u00f6lni a kez\u00e9t?!<\/p>\n","protected":false},"excerpt":{"rendered":"<p>Ha adott egy konyhai k\u00e9zt\u00f6rl\u0151 ( t\u00f6r\u00f6lk\u00f6z\u0151) \u00e9s egy t\u00e1lal\u00e1t\u00e9t, pillanatok alatt elk\u00e9sz\u00fcl. Szerintem aj\u00e1nd\u00e9knak is kit\u0171n\u0151. Nekem \u00e9pp egyik sem volt k\u00e9zn\u00e9l, \u00edgy varrtam.\u00a0<\/p>\n","protected":false},"author":1,"featured_media":0,"comment_status":"open","ping_status":"closed","sticky":false,"template":"","format":"standard","meta":[],"categories":[3,4],"tags":[],"aioseo_notices":[],"views":2539,"_links":{"self":[{"href":"http:\/\/www.quiltingstudio.hu\/blog\/index.php?rest_route=\/wp\/v2\/posts\/662"}],"collection":[{"href":"http:\/\/www.quiltingstudio.hu\/blog\/index.php?rest_route=\/wp\/v2\/posts"}],"about":[{"href":"http:\/\/www.quiltingstudio.hu\/blog\/index.php?rest_route=\/wp\/v2\/types\/post"}],"author":[{"embeddable":true,"href":"http:\/\/www.quiltingstudio.hu\/blog\/index.php?rest_route=\/wp\/v2\/users\/1"}],"replies":[{"embeddable":true,"href":"http:\/\/www.quiltingstudio.hu\/blog\/index.php?rest_route=%2Fwp%2Fv2%2Fcomments&post=662"}],"version-history":[{"count":0,"href":"http:\/\/www.quiltingstudio.hu\/blog\/index.php?rest_route=\/wp\/v2\/posts\/662\/revisions"}],"wp:attachment":[{"href":"http:\/\/www.quiltingstudio.hu\/blog\/index.php?rest_route=%2Fwp%2Fv2%2Fmedia&parent=662"}],"wp:term":[{"taxonomy":"category","embeddable":true,"href":"http:\/\/www.quiltingstudio.hu\/blog\/index.php?rest_route=%2Fwp%2Fv2%2Fcategories&post=662"},{"taxonomy":"post_tag","embeddable":true,"href":"http:\/\/www.quiltingstudio.hu\/blog\/index.php?rest_route=%2Fwp%2Fv2%2Ftags&post=662"}],"curies":[{"name":"wp","href":"https:\/\/api.w.org\/{rel}","templated":true}]}}