{"id":664,"date":"2008-10-28T10:52:51","date_gmt":"2008-10-28T08:52:51","guid":{"rendered":"http:\/\/www.quiltingstudio.hu\/blog\/?p=664"},"modified":"2008-10-28T16:23:39","modified_gmt":"2008-10-28T14:23:39","slug":"mai-reggelem","status":"publish","type":"post","link":"http:\/\/www.quiltingstudio.hu\/blog\/?p=664","title":{"rendered":"Mai reggelem&#8230;"},"content":{"rendered":"<p><a href=\"http:\/\/www.quiltingstudio.hu\/blog\/wp-content\/uploads\/2008\/10\/malyva.jpg\"><img decoding=\"async\" loading=\"lazy\" class=\"alignnone size-medium wp-image-665\" title=\"malyva\" src=\"http:\/\/www.quiltingstudio.hu\/blog\/wp-content\/uploads\/2008\/10\/malyva-300x168.jpg\" alt=\"kiny\u00edlt az els\u0151 vir\u00e1g\" width=\"300\" height=\"168\" srcset=\"http:\/\/www.quiltingstudio.hu\/blog\/wp-content\/uploads\/2008\/10\/malyva-300x168.jpg 300w, http:\/\/www.quiltingstudio.hu\/blog\/wp-content\/uploads\/2008\/10\/malyva.jpg 600w\" sizes=\"(max-width: 300px) 100vw, 300px\" \/><\/a><\/p>\n<p>\u00cdgy fogadott.<\/p>\n<p>Az \u00e9v k\u00f6zben valami\u00e9rt \u00fagy d\u00f6nt\u00f6tt, hogy nem akar tov\u00e1bb \u00e9lni \u00e9s az \u00f6sszes level\u00e9t ledobta egyik pillanatr\u00f3l a m\u00e1sikra. Rendesen visszametszettem \u00e9s kivittem az erk\u00e9lyre, ahol a ny\u00e1r folyam\u00e1n nagyon sz\u00e9pen \u00f6sszeszedte mag\u00e1t. Kihajtott, sz\u00e9p d\u00fas n\u00f6v\u00e9ny lett. Azt\u00e1n elkezdett vir\u00e1gozni&#8230;<\/p>\n<p><a href=\"http:\/\/www.quiltingstudio.hu\/blog\/wp-content\/uploads\/2008\/10\/vidam-reggel.jpg\"><img decoding=\"async\" loading=\"lazy\" class=\"alignnone size-medium wp-image-668\" title=\"vidam-reggel\" src=\"http:\/\/www.quiltingstudio.hu\/blog\/wp-content\/uploads\/2008\/10\/vidam-reggel-300x181.jpg\" alt=\"a ter\u00edt\u0151vel egy\u00fctt\" width=\"300\" height=\"181\" srcset=\"http:\/\/www.quiltingstudio.hu\/blog\/wp-content\/uploads\/2008\/10\/vidam-reggel-300x181.jpg 300w, http:\/\/www.quiltingstudio.hu\/blog\/wp-content\/uploads\/2008\/10\/vidam-reggel.jpg 600w\" sizes=\"(max-width: 300px) 100vw, 300px\" \/><\/a><\/p>\n","protected":false},"excerpt":{"rendered":"<p>\u00cdgy fogadott. Az \u00e9v k\u00f6zben valami\u00e9rt \u00fagy d\u00f6nt\u00f6tt, hogy nem akar tov\u00e1bb \u00e9lni \u00e9s az \u00f6sszes level\u00e9t ledobta egyik pillanatr\u00f3l a m\u00e1sikra. Rendesen visszametszettem \u00e9s kivittem az erk\u00e9lyre, ahol a ny\u00e1r folyam\u00e1n nagyon sz\u00e9pen \u00f6sszeszedte mag\u00e1t. Kihajtott, sz\u00e9p d\u00fas n\u00f6v\u00e9ny lett. Azt\u00e1n elkezdett vir\u00e1gozni&#8230;<\/p>\n","protected":false},"author":1,"featured_media":0,"comment_status":"open","ping_status":"closed","sticky":false,"template":"","format":"standard","meta":[],"categories":[8],"tags":[],"aioseo_notices":[],"views":1859,"_links":{"self":[{"href":"http:\/\/www.quiltingstudio.hu\/blog\/index.php?rest_route=\/wp\/v2\/posts\/664"}],"collection":[{"href":"http:\/\/www.quiltingstudio.hu\/blog\/index.php?rest_route=\/wp\/v2\/posts"}],"about":[{"href":"http:\/\/www.quiltingstudio.hu\/blog\/index.php?rest_route=\/wp\/v2\/types\/post"}],"author":[{"embeddable":true,"href":"http:\/\/www.quiltingstudio.hu\/blog\/index.php?rest_route=\/wp\/v2\/users\/1"}],"replies":[{"embeddable":true,"href":"http:\/\/www.quiltingstudio.hu\/blog\/index.php?rest_route=%2Fwp%2Fv2%2Fcomments&post=664"}],"version-history":[{"count":0,"href":"http:\/\/www.quiltingstudio.hu\/blog\/index.php?rest_route=\/wp\/v2\/posts\/664\/revisions"}],"wp:attachment":[{"href":"http:\/\/www.quiltingstudio.hu\/blog\/index.php?rest_route=%2Fwp%2Fv2%2Fmedia&parent=664"}],"wp:term":[{"taxonomy":"category","embeddable":true,"href":"http:\/\/www.quiltingstudio.hu\/blog\/index.php?rest_route=%2Fwp%2Fv2%2Fcategories&post=664"},{"taxonomy":"post_tag","embeddable":true,"href":"http:\/\/www.quiltingstudio.hu\/blog\/index.php?rest_route=%2Fwp%2Fv2%2Ftags&post=664"}],"curies":[{"name":"wp","href":"https:\/\/api.w.org\/{rel}","templated":true}]}}