{"id":666,"date":"2008-10-28T16:21:44","date_gmt":"2008-10-28T14:21:44","guid":{"rendered":"http:\/\/www.quiltingstudio.hu\/blog\/?p=666"},"modified":"2008-10-28T16:21:44","modified_gmt":"2008-10-28T14:21:44","slug":"aprosagok","status":"publish","type":"post","link":"http:\/\/www.quiltingstudio.hu\/blog\/?p=666","title":{"rendered":"Apr\u00f3s\u00e1gok&#8230;"},"content":{"rendered":"<p><a href=\"http:\/\/www.quiltingstudio.hu\/blog\/wp-content\/uploads\/2008\/10\/szatyrok.jpg\"><img decoding=\"async\" loading=\"lazy\" class=\"alignnone size-medium wp-image-667\" title=\"szatyrok\" src=\"http:\/\/www.quiltingstudio.hu\/blog\/wp-content\/uploads\/2008\/10\/szatyrok-300x177.jpg\" alt=\"vari\u00e1ci\u00f3k\" width=\"300\" height=\"177\" srcset=\"http:\/\/www.quiltingstudio.hu\/blog\/wp-content\/uploads\/2008\/10\/szatyrok-300x177.jpg 300w, http:\/\/www.quiltingstudio.hu\/blog\/wp-content\/uploads\/2008\/10\/szatyrok.jpg 560w\" sizes=\"(max-width: 300px) 100vw, 300px\" \/><\/a><\/p>\n<p>Ezennel elkezdetem a kar\u00e1csonyi k\u00e9sz\u00fcl\u0151d\u00e9st, azt hiszem&#8230;mert hogy egyre t\u00f6bb apr\u00f3s\u00e1got varrok.<\/p>\n<p>N\u00e9h\u00e1ny bev\u00e1s\u00e1rl\u00f3 t\u00e1ska, k\u00fcl\u00f6nb\u00f6z\u0151 d\u00edsz\u00edt\u00e9ssel. Mikor \u00e9pp milyen kedvem van&#8230;<\/p>\n","protected":false},"excerpt":{"rendered":"<p>Ezennel elkezdetem a kar\u00e1csonyi k\u00e9sz\u00fcl\u0151d\u00e9st, azt hiszem&#8230;mert hogy egyre t\u00f6bb apr\u00f3s\u00e1got varrok. N\u00e9h\u00e1ny bev\u00e1s\u00e1rl\u00f3 t\u00e1ska, k\u00fcl\u00f6nb\u00f6z\u0151 d\u00edsz\u00edt\u00e9ssel. Mikor \u00e9pp milyen kedvem van&#8230;<\/p>\n","protected":false},"author":1,"featured_media":0,"comment_status":"open","ping_status":"closed","sticky":false,"template":"","format":"standard","meta":[],"categories":[4],"tags":[],"aioseo_notices":[],"views":2135,"_links":{"self":[{"href":"http:\/\/www.quiltingstudio.hu\/blog\/index.php?rest_route=\/wp\/v2\/posts\/666"}],"collection":[{"href":"http:\/\/www.quiltingstudio.hu\/blog\/index.php?rest_route=\/wp\/v2\/posts"}],"about":[{"href":"http:\/\/www.quiltingstudio.hu\/blog\/index.php?rest_route=\/wp\/v2\/types\/post"}],"author":[{"embeddable":true,"href":"http:\/\/www.quiltingstudio.hu\/blog\/index.php?rest_route=\/wp\/v2\/users\/1"}],"replies":[{"embeddable":true,"href":"http:\/\/www.quiltingstudio.hu\/blog\/index.php?rest_route=%2Fwp%2Fv2%2Fcomments&post=666"}],"version-history":[{"count":0,"href":"http:\/\/www.quiltingstudio.hu\/blog\/index.php?rest_route=\/wp\/v2\/posts\/666\/revisions"}],"wp:attachment":[{"href":"http:\/\/www.quiltingstudio.hu\/blog\/index.php?rest_route=%2Fwp%2Fv2%2Fmedia&parent=666"}],"wp:term":[{"taxonomy":"category","embeddable":true,"href":"http:\/\/www.quiltingstudio.hu\/blog\/index.php?rest_route=%2Fwp%2Fv2%2Fcategories&post=666"},{"taxonomy":"post_tag","embeddable":true,"href":"http:\/\/www.quiltingstudio.hu\/blog\/index.php?rest_route=%2Fwp%2Fv2%2Ftags&post=666"}],"curies":[{"name":"wp","href":"https:\/\/api.w.org\/{rel}","templated":true}]}}