{"id":671,"date":"2008-11-11T21:17:00","date_gmt":"2008-11-11T19:17:00","guid":{"rendered":"http:\/\/www.quiltingstudio.hu\/blog\/?p=671"},"modified":"2008-11-11T21:17:00","modified_gmt":"2008-11-11T19:17:00","slug":"hamarosan-kesz","status":"publish","type":"post","link":"http:\/\/www.quiltingstudio.hu\/blog\/?p=671","title":{"rendered":"Hamarosan k\u00e9sz&#8230;"},"content":{"rendered":"<p><a href=\"http:\/\/www.quiltingstudio.hu\/blog\/wp-content\/uploads\/2008\/11\/b-bence.jpg\"><img decoding=\"async\" loading=\"lazy\" class=\"alignnone size-medium wp-image-672\" title=\"b-bence\" src=\"http:\/\/www.quiltingstudio.hu\/blog\/wp-content\/uploads\/2008\/11\/b-bence-300x189.jpg\" alt=\"felirat\" width=\"300\" height=\"189\" srcset=\"http:\/\/www.quiltingstudio.hu\/blog\/wp-content\/uploads\/2008\/11\/b-bence-300x189.jpg 300w, http:\/\/www.quiltingstudio.hu\/blog\/wp-content\/uploads\/2008\/11\/b-bence.jpg 600w\" sizes=\"(max-width: 300px) 100vw, 300px\" \/><\/a><\/p>\n<p>A leg\u00fajabb munk\u00e1m egy r\u00e9szlete. M\u00e9g nincs teljesen k\u00e9sz, igyekeznem kell.<\/p>\n","protected":false},"excerpt":{"rendered":"<p>A leg\u00fajabb munk\u00e1m egy r\u00e9szlete. M\u00e9g nincs teljesen k\u00e9sz, igyekeznem kell.<\/p>\n","protected":false},"author":1,"featured_media":0,"comment_status":"open","ping_status":"closed","sticky":false,"template":"","format":"standard","meta":[],"categories":[3],"tags":[],"aioseo_notices":[],"views":2370,"_links":{"self":[{"href":"http:\/\/www.quiltingstudio.hu\/blog\/index.php?rest_route=\/wp\/v2\/posts\/671"}],"collection":[{"href":"http:\/\/www.quiltingstudio.hu\/blog\/index.php?rest_route=\/wp\/v2\/posts"}],"about":[{"href":"http:\/\/www.quiltingstudio.hu\/blog\/index.php?rest_route=\/wp\/v2\/types\/post"}],"author":[{"embeddable":true,"href":"http:\/\/www.quiltingstudio.hu\/blog\/index.php?rest_route=\/wp\/v2\/users\/1"}],"replies":[{"embeddable":true,"href":"http:\/\/www.quiltingstudio.hu\/blog\/index.php?rest_route=%2Fwp%2Fv2%2Fcomments&post=671"}],"version-history":[{"count":0,"href":"http:\/\/www.quiltingstudio.hu\/blog\/index.php?rest_route=\/wp\/v2\/posts\/671\/revisions"}],"wp:attachment":[{"href":"http:\/\/www.quiltingstudio.hu\/blog\/index.php?rest_route=%2Fwp%2Fv2%2Fmedia&parent=671"}],"wp:term":[{"taxonomy":"category","embeddable":true,"href":"http:\/\/www.quiltingstudio.hu\/blog\/index.php?rest_route=%2Fwp%2Fv2%2Fcategories&post=671"},{"taxonomy":"post_tag","embeddable":true,"href":"http:\/\/www.quiltingstudio.hu\/blog\/index.php?rest_route=%2Fwp%2Fv2%2Ftags&post=671"}],"curies":[{"name":"wp","href":"https:\/\/api.w.org\/{rel}","templated":true}]}}