{"id":673,"date":"2008-11-04T23:31:50","date_gmt":"2008-11-04T21:31:50","guid":{"rendered":"http:\/\/www.quiltingstudio.hu\/blog\/?p=673"},"modified":"2008-11-04T23:31:50","modified_gmt":"2008-11-04T21:31:50","slug":"zsakocskak","status":"publish","type":"post","link":"http:\/\/www.quiltingstudio.hu\/blog\/?p=673","title":{"rendered":"Zs\u00e1kocsk\u00e1k&#8230;"},"content":{"rendered":"<p>Elkezdtem \u00e9n is a k\u00e9sz\u00fcl\u0151d\u00e9st ezekkel a kis zs\u00e1kocsk\u00e1kkal.<\/p>\n<p><a href=\"http:\/\/www.quiltingstudio.hu\/blog\/wp-content\/uploads\/2008\/11\/zsakok.jpg\"><img decoding=\"async\" loading=\"lazy\" class=\"alignnone size-medium wp-image-674\" title=\"zsakok\" src=\"http:\/\/www.quiltingstudio.hu\/blog\/wp-content\/uploads\/2008\/11\/zsakok-300x207.jpg\" alt=\"Mikul\u00e1s zs\u00e1kok\" width=\"300\" height=\"207\" srcset=\"http:\/\/www.quiltingstudio.hu\/blog\/wp-content\/uploads\/2008\/11\/zsakok-300x207.jpg 300w, http:\/\/www.quiltingstudio.hu\/blog\/wp-content\/uploads\/2008\/11\/zsakok.jpg 600w\" sizes=\"(max-width: 300px) 100vw, 300px\" \/><\/a><\/p>\n<p>Nem szoktam egyform\u00e1t k\u00e9sz\u00edteni a gyerekeknek, t\u00f6bb okb\u00f3l. \u00cdgy mindenki meg tudja k\u00fcl\u00f6nb\u00f6ztetni a saj\u00e1tj\u00e1t a m\u00e1sik\u00e9t\u00f3l, am\u00fagy meg roppant unalmas sok egyform\u00e1t k\u00e9sz\u00edteni.:o)))<!--more--><\/p>\n<p>Megmagyar\u00e1zhatatlan okb\u00f3l, de nagyon szeretem a g\u00e9pi applik\u00e1ci\u00f3t. Ezek is azok, tal\u00e1n ezzel a technik\u00e1val lehet viszonylag kev\u00e9s c\u00e9rn\u00e1val nagy helyet l\u00e1tv\u00e1nyosan kit\u00f6lteni.<\/p>\n<p><a href=\"http:\/\/www.quiltingstudio.hu\/blog\/wp-content\/uploads\/2008\/11\/telapo.jpg\"><img decoding=\"async\" loading=\"lazy\" class=\"alignnone size-medium wp-image-675\" title=\"telapo\" src=\"http:\/\/www.quiltingstudio.hu\/blog\/wp-content\/uploads\/2008\/11\/telapo-236x300.jpg\" alt=\"t\u00e9lap\u00f3s zs\u00e1k\" width=\"236\" height=\"300\" srcset=\"http:\/\/www.quiltingstudio.hu\/blog\/wp-content\/uploads\/2008\/11\/telapo-236x300.jpg 236w, http:\/\/www.quiltingstudio.hu\/blog\/wp-content\/uploads\/2008\/11\/telapo.jpg 333w\" sizes=\"(max-width: 236px) 100vw, 236px\" \/><\/a><\/p>\n<p style=\"clear:both\">Sajnos nem l\u00e1tszik j\u00f3l a szak\u00e1lla, pedig olyan sz\u00e9pen kih\u00edmeztem. A h\u00f3pelyheket m\u00e1r \u00e9n tettem hozz\u00e1, azaz terveztem meg, de azt hiszem jobb lett volna, ha mindet elforgatom.<\/p>\n<p style=\"clear:both\"><a href=\"http:\/\/www.quiltingstudio.hu\/blog\/wp-content\/uploads\/2008\/11\/hoember.jpg\"><img decoding=\"async\" loading=\"lazy\" class=\"alignnone size-medium wp-image-676\" title=\"hoember\" src=\"http:\/\/www.quiltingstudio.hu\/blog\/wp-content\/uploads\/2008\/11\/hoember-300x237.jpg\" alt=\"h\u00f3emberes zs\u00e1k\" width=\"300\" height=\"237\" srcset=\"http:\/\/www.quiltingstudio.hu\/blog\/wp-content\/uploads\/2008\/11\/hoember-300x237.jpg 300w, http:\/\/www.quiltingstudio.hu\/blog\/wp-content\/uploads\/2008\/11\/hoember.jpg 599w\" sizes=\"(max-width: 300px) 100vw, 300px\" \/><\/a><\/p>\n<p style=\"clear:both\">Most m\u00e1r csak azt kell kital\u00e1lni mit teszek bele&#8230;<\/p>\n","protected":false},"excerpt":{"rendered":"<p>Elkezdtem \u00e9n is a k\u00e9sz\u00fcl\u0151d\u00e9st ezekkel a kis zs\u00e1kocsk\u00e1kkal. Nem szoktam egyform\u00e1t k\u00e9sz\u00edteni a gyerekeknek, t\u00f6bb okb\u00f3l. \u00cdgy mindenki meg tudja k\u00fcl\u00f6nb\u00f6ztetni a saj\u00e1tj\u00e1t a m\u00e1sik\u00e9t\u00f3l, am\u00fagy meg roppant unalmas sok egyform\u00e1t k\u00e9sz\u00edteni.:o)))<\/p>\n","protected":false},"author":1,"featured_media":0,"comment_status":"open","ping_status":"closed","sticky":false,"template":"","format":"standard","meta":[],"categories":[3,4],"tags":[],"aioseo_notices":[],"views":2016,"_links":{"self":[{"href":"http:\/\/www.quiltingstudio.hu\/blog\/index.php?rest_route=\/wp\/v2\/posts\/673"}],"collection":[{"href":"http:\/\/www.quiltingstudio.hu\/blog\/index.php?rest_route=\/wp\/v2\/posts"}],"about":[{"href":"http:\/\/www.quiltingstudio.hu\/blog\/index.php?rest_route=\/wp\/v2\/types\/post"}],"author":[{"embeddable":true,"href":"http:\/\/www.quiltingstudio.hu\/blog\/index.php?rest_route=\/wp\/v2\/users\/1"}],"replies":[{"embeddable":true,"href":"http:\/\/www.quiltingstudio.hu\/blog\/index.php?rest_route=%2Fwp%2Fv2%2Fcomments&post=673"}],"version-history":[{"count":0,"href":"http:\/\/www.quiltingstudio.hu\/blog\/index.php?rest_route=\/wp\/v2\/posts\/673\/revisions"}],"wp:attachment":[{"href":"http:\/\/www.quiltingstudio.hu\/blog\/index.php?rest_route=%2Fwp%2Fv2%2Fmedia&parent=673"}],"wp:term":[{"taxonomy":"category","embeddable":true,"href":"http:\/\/www.quiltingstudio.hu\/blog\/index.php?rest_route=%2Fwp%2Fv2%2Fcategories&post=673"},{"taxonomy":"post_tag","embeddable":true,"href":"http:\/\/www.quiltingstudio.hu\/blog\/index.php?rest_route=%2Fwp%2Fv2%2Ftags&post=673"}],"curies":[{"name":"wp","href":"https:\/\/api.w.org\/{rel}","templated":true}]}}