{"id":677,"date":"2008-11-11T23:11:47","date_gmt":"2008-11-11T21:11:47","guid":{"rendered":"http:\/\/www.quiltingstudio.hu\/blog\/?p=677"},"modified":"2008-11-11T23:11:47","modified_gmt":"2008-11-11T21:11:47","slug":"falvedo","status":"publish","type":"post","link":"http:\/\/www.quiltingstudio.hu\/blog\/?p=677","title":{"rendered":"Falv\u00e9d\u0151&#8230;"},"content":{"rendered":"<p>Siker\u00fclt id\u0151re elk\u00e9sz\u00fcln\u00f6m a meglepet\u00e9s aj\u00e1nd\u00e9kkal. Rem\u00e9lem tetszeni fog most a sz\u00fcl\u0151knek, k\u00e9s\u0151bb pedig a bab\u00e1nak.<\/p>\n<p><a href=\"http:\/\/www.quiltingstudio.hu\/blog\/wp-content\/uploads\/2008\/11\/barikak.jpg\"><img decoding=\"async\" loading=\"lazy\" class=\"alignnone size-medium wp-image-688\" title=\"barikak\" src=\"http:\/\/www.quiltingstudio.hu\/blog\/wp-content\/uploads\/2008\/11\/barikak-234x300.jpg\" alt=\"aj\u00e1nd\u00e9k barik\" width=\"234\" height=\"300\" srcset=\"http:\/\/www.quiltingstudio.hu\/blog\/wp-content\/uploads\/2008\/11\/barikak-234x300.jpg 234w, http:\/\/www.quiltingstudio.hu\/blog\/wp-content\/uploads\/2008\/11\/barikak.jpg 600w\" sizes=\"(max-width: 234px) 100vw, 234px\" \/><\/a><\/p>\n<p><!--more--><\/p>\n<p>Szerettem volna valami vid\u00e1m, de nem zavar\u00f3an sz\u00ednes falv\u00e9d\u0151t k\u00e9sz\u00edteni. \u00cdgy esett a v\u00e1laszt\u00e1som ezekre az el\u0151re kiszabott n\u00e9gyzetekre \u00e9s h\u00e1romsz\u00f6gekre. M\u00e9g csak tervezgettem, mikor m\u00e1r tudtam, hogy ezekkel a h\u00edmz\u00e9sekkel szeretn\u00e9m d\u00edsz\u00edteni.<\/p>\n<p>A neten l\u00e1ttam \u00e9s eml\u00e9keztem, hogy n\u00e9znek ki, de hogy melyik oldalon tal\u00e1ltam, arra m\u00e1r nem.<\/p>\n<p>Kb. 1 h\u00e9tig kerestem, 0 !! eredm\u00e9nnyel. Miut\u00e1n lassan m\u00e1r a guta\u00fct\u00e9s ker\u00fclgetett ( \u00e9s \u00e1tn\u00e9ztem 100 m\u00e1sik oldalt) , nekil\u00e1ttam itthon az elmentett mint\u00e1k k\u00f6z\u00f6tt keresgetni. Hiszen ha ezt nem is tal\u00e1lom, valami akkor is kell. \u00c9s mit tal\u00e1ltam kb. 5 perc kem\u00e9ny keresg\u00e9l\u00e9s ut\u00e1n&#8230;<\/p>\n<p>H\u00e1t ilyenek lettek a blokkok:<\/p>\n<p><a href=\"http:\/\/www.quiltingstudio.hu\/blog\/wp-content\/uploads\/2008\/11\/barika.jpg\"><img decoding=\"async\" loading=\"lazy\" class=\"alignnone size-medium wp-image-680\" title=\"barika\" src=\"http:\/\/www.quiltingstudio.hu\/blog\/wp-content\/uploads\/2008\/11\/barika-227x300.jpg\" alt=\"h\u00edmzett barika \" width=\"227\" height=\"300\" srcset=\"http:\/\/www.quiltingstudio.hu\/blog\/wp-content\/uploads\/2008\/11\/barika-227x300.jpg 227w, http:\/\/www.quiltingstudio.hu\/blog\/wp-content\/uploads\/2008\/11\/barika.jpg 600w\" sizes=\"(max-width: 227px) 100vw, 227px\" \/><\/a><\/p>\n<p style=\"clear:both\">\n<p><a href=\"http:\/\/www.quiltingstudio.hu\/blog\/wp-content\/uploads\/2008\/11\/cumi.jpg\"><img decoding=\"async\" loading=\"lazy\" class=\"alignnone size-medium wp-image-681\" title=\"cumi\" src=\"http:\/\/www.quiltingstudio.hu\/blog\/wp-content\/uploads\/2008\/11\/cumi-300x168.jpg\" alt=\"h\u00edmzett blokk\" width=\"300\" height=\"168\" srcset=\"http:\/\/www.quiltingstudio.hu\/blog\/wp-content\/uploads\/2008\/11\/cumi-300x168.jpg 300w, http:\/\/www.quiltingstudio.hu\/blog\/wp-content\/uploads\/2008\/11\/cumi.jpg 599w\" sizes=\"(max-width: 300px) 100vw, 300px\" \/><\/a><\/p>\n<p style=\"clear:both\">\n<p><a href=\"http:\/\/www.quiltingstudio.hu\/blog\/wp-content\/uploads\/2008\/11\/cumisuveg.jpg\"><img decoding=\"async\" loading=\"lazy\" class=\"alignnone size-medium wp-image-682\" title=\"cumisuveg\" src=\"http:\/\/www.quiltingstudio.hu\/blog\/wp-content\/uploads\/2008\/11\/cumisuveg-223x300.jpg\" alt=\"h\u00edmzett falv\u00e9d\u0151\" width=\"223\" height=\"300\" srcset=\"http:\/\/www.quiltingstudio.hu\/blog\/wp-content\/uploads\/2008\/11\/cumisuveg-223x300.jpg 223w, http:\/\/www.quiltingstudio.hu\/blog\/wp-content\/uploads\/2008\/11\/cumisuveg.jpg 600w\" sizes=\"(max-width: 223px) 100vw, 223px\" \/><\/a><\/p>\n<p style=\"clear:both\">\n<p><a href=\"http:\/\/www.quiltingstudio.hu\/blog\/wp-content\/uploads\/2008\/11\/csorgo.jpg\"><img decoding=\"async\" loading=\"lazy\" class=\"alignnone size-medium wp-image-683\" title=\"csorgo\" src=\"http:\/\/www.quiltingstudio.hu\/blog\/wp-content\/uploads\/2008\/11\/csorgo-168x300.jpg\" alt=\"h\u00edmzett blokk\" width=\"168\" height=\"300\" srcset=\"http:\/\/www.quiltingstudio.hu\/blog\/wp-content\/uploads\/2008\/11\/csorgo-168x300.jpg 168w, http:\/\/www.quiltingstudio.hu\/blog\/wp-content\/uploads\/2008\/11\/csorgo.jpg 599w\" sizes=\"(max-width: 168px) 100vw, 168px\" \/><\/a><\/p>\n<p style=\"clear:both\">\n<p><a href=\"http:\/\/www.quiltingstudio.hu\/blog\/wp-content\/uploads\/2008\/11\/holdacska.jpg\"><img decoding=\"async\" loading=\"lazy\" class=\"alignnone size-medium wp-image-684\" title=\"holdacska\" src=\"http:\/\/www.quiltingstudio.hu\/blog\/wp-content\/uploads\/2008\/11\/holdacska-213x300.jpg\" alt=\"h\u00edmzett blokk\" width=\"213\" height=\"300\" srcset=\"http:\/\/www.quiltingstudio.hu\/blog\/wp-content\/uploads\/2008\/11\/holdacska-213x300.jpg 213w, http:\/\/www.quiltingstudio.hu\/blog\/wp-content\/uploads\/2008\/11\/holdacska.jpg 600w\" sizes=\"(max-width: 213px) 100vw, 213px\" \/><\/a><\/p>\n<p style=\"clear:both\">\n<p><a href=\"http:\/\/www.quiltingstudio.hu\/blog\/wp-content\/uploads\/2008\/11\/kiscipok.jpg\"><img decoding=\"async\" loading=\"lazy\" class=\"alignnone size-medium wp-image-685\" title=\"kiscipok\" src=\"http:\/\/www.quiltingstudio.hu\/blog\/wp-content\/uploads\/2008\/11\/kiscipok-228x300.jpg\" alt=\"h\u00edmzett kiscip\u0151k\" width=\"228\" height=\"300\" srcset=\"http:\/\/www.quiltingstudio.hu\/blog\/wp-content\/uploads\/2008\/11\/kiscipok-228x300.jpg 228w, http:\/\/www.quiltingstudio.hu\/blog\/wp-content\/uploads\/2008\/11\/kiscipok.jpg 599w\" sizes=\"(max-width: 228px) 100vw, 228px\" \/><\/a><\/p>\n<p style=\"clear:both\">\n<p><a href=\"http:\/\/www.quiltingstudio.hu\/blog\/wp-content\/uploads\/2008\/11\/kiskacsa.jpg\"><img decoding=\"async\" loading=\"lazy\" class=\"alignnone size-medium wp-image-686\" title=\"kiskacsa\" src=\"http:\/\/www.quiltingstudio.hu\/blog\/wp-content\/uploads\/2008\/11\/kiskacsa-202x300.jpg\" alt=\"h\u00edmzett kiskacsa\" width=\"202\" height=\"300\" srcset=\"http:\/\/www.quiltingstudio.hu\/blog\/wp-content\/uploads\/2008\/11\/kiskacsa-202x300.jpg 202w, http:\/\/www.quiltingstudio.hu\/blog\/wp-content\/uploads\/2008\/11\/kiskacsa.jpg 600w\" sizes=\"(max-width: 202px) 100vw, 202px\" \/><\/a><\/p>\n<p style=\"clear:both\">\n<p><a href=\"http:\/\/www.quiltingstudio.hu\/blog\/wp-content\/uploads\/2008\/11\/maci.jpg\"><img decoding=\"async\" loading=\"lazy\" class=\"alignnone size-medium wp-image-687\" title=\"maci\" src=\"http:\/\/www.quiltingstudio.hu\/blog\/wp-content\/uploads\/2008\/11\/maci-219x300.jpg\" alt=\"h\u00edmzett maci\" width=\"219\" height=\"300\" srcset=\"http:\/\/www.quiltingstudio.hu\/blog\/wp-content\/uploads\/2008\/11\/maci-219x300.jpg 219w, http:\/\/www.quiltingstudio.hu\/blog\/wp-content\/uploads\/2008\/11\/maci.jpg 599w\" sizes=\"(max-width: 219px) 100vw, 219px\" \/><\/a><\/p>\n<p>A h\u00edmz\u00e9seket egy sz\u00edn\u00e1tmenetes c\u00e9rn\u00e1val varrtam, hogy m\u00e9g vid\u00e1mabb legyen az \u00f6sszhat\u00e1s.<\/p>\n<p style=\"clear:both\">\n<p><a href=\"http:\/\/www.quiltingstudio.hu\/blog\/wp-content\/uploads\/2008\/11\/b-bence2.jpg\"><img decoding=\"async\" loading=\"lazy\" class=\"alignnone size-medium wp-image-679\" title=\"b-bence2\" src=\"http:\/\/www.quiltingstudio.hu\/blog\/wp-content\/uploads\/2008\/11\/b-bence2-300x259.jpg\" alt=\"k\u00e9sz\u00fcl a B bet\u0171\" width=\"300\" height=\"259\" srcset=\"http:\/\/www.quiltingstudio.hu\/blog\/wp-content\/uploads\/2008\/11\/b-bence2-300x259.jpg 300w, http:\/\/www.quiltingstudio.hu\/blog\/wp-content\/uploads\/2008\/11\/b-bence2.jpg 600w\" sizes=\"(max-width: 300px) 100vw, 300px\" \/><\/a><\/p>\n<p>Nagy kedvencem a g\u00e9pi\u00a0 applik\u00e1ci\u00f3 egy kis h\u00edmz\u00e9ssel megbolond\u00edtva, itt is ezt haszn\u00e1ltam. Szerintem j\u00f3 v\u00e1laszt\u00e1s volt.<\/p>\n<p>M\u00e1r a t\u0171z\u00e9s is k\u00e9sz. Amint siker\u00fcl a falv\u00e9d\u0151r\u0151l egy j\u00f3 k\u00e9pet k\u00e9sz\u00edtenem, megmutatom az eg\u00e9szet is egyben.<\/p>\n","protected":false},"excerpt":{"rendered":"<p>Siker\u00fclt id\u0151re elk\u00e9sz\u00fcln\u00f6m a meglepet\u00e9s aj\u00e1nd\u00e9kkal. Rem\u00e9lem tetszeni fog most a sz\u00fcl\u0151knek, k\u00e9s\u0151bb pedig a bab\u00e1nak.<\/p>\n","protected":false},"author":1,"featured_media":0,"comment_status":"open","ping_status":"closed","sticky":false,"template":"","format":"standard","meta":[],"categories":[3,4],"tags":[],"aioseo_notices":[],"views":2924,"_links":{"self":[{"href":"http:\/\/www.quiltingstudio.hu\/blog\/index.php?rest_route=\/wp\/v2\/posts\/677"}],"collection":[{"href":"http:\/\/www.quiltingstudio.hu\/blog\/index.php?rest_route=\/wp\/v2\/posts"}],"about":[{"href":"http:\/\/www.quiltingstudio.hu\/blog\/index.php?rest_route=\/wp\/v2\/types\/post"}],"author":[{"embeddable":true,"href":"http:\/\/www.quiltingstudio.hu\/blog\/index.php?rest_route=\/wp\/v2\/users\/1"}],"replies":[{"embeddable":true,"href":"http:\/\/www.quiltingstudio.hu\/blog\/index.php?rest_route=%2Fwp%2Fv2%2Fcomments&post=677"}],"version-history":[{"count":0,"href":"http:\/\/www.quiltingstudio.hu\/blog\/index.php?rest_route=\/wp\/v2\/posts\/677\/revisions"}],"wp:attachment":[{"href":"http:\/\/www.quiltingstudio.hu\/blog\/index.php?rest_route=%2Fwp%2Fv2%2Fmedia&parent=677"}],"wp:term":[{"taxonomy":"category","embeddable":true,"href":"http:\/\/www.quiltingstudio.hu\/blog\/index.php?rest_route=%2Fwp%2Fv2%2Fcategories&post=677"},{"taxonomy":"post_tag","embeddable":true,"href":"http:\/\/www.quiltingstudio.hu\/blog\/index.php?rest_route=%2Fwp%2Fv2%2Ftags&post=677"}],"curies":[{"name":"wp","href":"https:\/\/api.w.org\/{rel}","templated":true}]}}