{"id":689,"date":"2008-11-11T23:22:14","date_gmt":"2008-11-11T21:22:14","guid":{"rendered":"http:\/\/www.quiltingstudio.hu\/blog\/?p=689"},"modified":"2008-11-11T23:22:14","modified_gmt":"2008-11-11T21:22:14","slug":"a-raadas-2","status":"publish","type":"post","link":"http:\/\/www.quiltingstudio.hu\/blog\/?p=689","title":{"rendered":"A r\u00e1ad\u00e1s&#8230;"},"content":{"rendered":"<p>Majdnem el is felejtettem, ez csak \u00fagy k\u00e9sz\u00fclt hozz\u00e1&#8230;:o)))<\/p>\n<p><a href=\"http:\/\/www.quiltingstudio.hu\/blog\/wp-content\/uploads\/2008\/11\/raadas1.jpg\"><img decoding=\"async\" loading=\"lazy\" class=\"alignnone size-medium wp-image-691\" title=\"raadas1\" src=\"http:\/\/www.quiltingstudio.hu\/blog\/wp-content\/uploads\/2008\/11\/raadas1-258x300.jpg\" alt=\"k\u00e9pecske\" width=\"258\" height=\"300\" srcset=\"http:\/\/www.quiltingstudio.hu\/blog\/wp-content\/uploads\/2008\/11\/raadas1-258x300.jpg 258w, http:\/\/www.quiltingstudio.hu\/blog\/wp-content\/uploads\/2008\/11\/raadas1.jpg 600w\" sizes=\"(max-width: 258px) 100vw, 258px\" \/><\/a><\/p>\n","protected":false},"excerpt":{"rendered":"<p>Majdnem el is felejtettem, ez csak \u00fagy k\u00e9sz\u00fclt hozz\u00e1&#8230;:o)))<\/p>\n","protected":false},"author":1,"featured_media":0,"comment_status":"open","ping_status":"closed","sticky":false,"template":"","format":"standard","meta":[],"categories":[3],"tags":[],"aioseo_notices":[],"views":1548,"_links":{"self":[{"href":"http:\/\/www.quiltingstudio.hu\/blog\/index.php?rest_route=\/wp\/v2\/posts\/689"}],"collection":[{"href":"http:\/\/www.quiltingstudio.hu\/blog\/index.php?rest_route=\/wp\/v2\/posts"}],"about":[{"href":"http:\/\/www.quiltingstudio.hu\/blog\/index.php?rest_route=\/wp\/v2\/types\/post"}],"author":[{"embeddable":true,"href":"http:\/\/www.quiltingstudio.hu\/blog\/index.php?rest_route=\/wp\/v2\/users\/1"}],"replies":[{"embeddable":true,"href":"http:\/\/www.quiltingstudio.hu\/blog\/index.php?rest_route=%2Fwp%2Fv2%2Fcomments&post=689"}],"version-history":[{"count":0,"href":"http:\/\/www.quiltingstudio.hu\/blog\/index.php?rest_route=\/wp\/v2\/posts\/689\/revisions"}],"wp:attachment":[{"href":"http:\/\/www.quiltingstudio.hu\/blog\/index.php?rest_route=%2Fwp%2Fv2%2Fmedia&parent=689"}],"wp:term":[{"taxonomy":"category","embeddable":true,"href":"http:\/\/www.quiltingstudio.hu\/blog\/index.php?rest_route=%2Fwp%2Fv2%2Fcategories&post=689"},{"taxonomy":"post_tag","embeddable":true,"href":"http:\/\/www.quiltingstudio.hu\/blog\/index.php?rest_route=%2Fwp%2Fv2%2Ftags&post=689"}],"curies":[{"name":"wp","href":"https:\/\/api.w.org\/{rel}","templated":true}]}}