{"id":692,"date":"2008-11-13T09:43:39","date_gmt":"2008-11-13T07:43:39","guid":{"rendered":"http:\/\/www.quiltingstudio.hu\/blog\/?p=692"},"modified":"2008-11-13T09:43:39","modified_gmt":"2008-11-13T07:43:39","slug":"meg-mindig-bevasarlo-taska","status":"publish","type":"post","link":"http:\/\/www.quiltingstudio.hu\/blog\/?p=692","title":{"rendered":"M\u00e9g mindig bev\u00e1s\u00e1rl\u00f3 t\u00e1ska&#8230;"},"content":{"rendered":"<p><a href=\"http:\/\/www.quiltingstudio.hu\/blog\/wp-content\/uploads\/2008\/11\/cica4.jpg\"><img decoding=\"async\" loading=\"lazy\" class=\"alignnone size-medium wp-image-694\" style=\"vertical-align: middle;\" title=\"cica4\" src=\"http:\/\/www.quiltingstudio.hu\/blog\/wp-content\/uploads\/2008\/11\/cica4-277x300.jpg\" alt=\"cica k\u00e9szen\" width=\"277\" height=\"300\" srcset=\"http:\/\/www.quiltingstudio.hu\/blog\/wp-content\/uploads\/2008\/11\/cica4-277x300.jpg 277w, http:\/\/www.quiltingstudio.hu\/blog\/wp-content\/uploads\/2008\/11\/cica4.jpg 599w\" sizes=\"(max-width: 277px) 100vw, 277px\" \/><\/a><\/p>\n<p>M\u00e9g mindig van ebb\u0151l a molin\u00f3b\u00f3l, \u00edgy k\u00e9sz\u00edtettem m\u00e9g egy szatyrot.<\/p>\n<p><!--more--><\/p>\n<p>Most h\u00edmz\u00e9ssel, m\u00e9gpedig (<em>k\u00e9r\u00e9sre<\/em>) egy cic\u00e1val. Az \u00e9rdekess\u00e9ge az eg\u00e9sznek maga a h\u00edmz\u00e9sminta.<\/p>\n<p style=\"clear:both\">\n<p><a href=\"http:\/\/www.quiltingstudio.hu\/blog\/wp-content\/uploads\/2008\/11\/cica1.jpg\"><img decoding=\"async\" loading=\"lazy\" class=\"alignnone size-medium wp-image-693\" title=\"cica1\" src=\"http:\/\/www.quiltingstudio.hu\/blog\/wp-content\/uploads\/2008\/11\/cica1-255x300.jpg\" alt=\"h\u00edmzett cica\" width=\"255\" height=\"300\" srcset=\"http:\/\/www.quiltingstudio.hu\/blog\/wp-content\/uploads\/2008\/11\/cica1-255x300.jpg 255w, http:\/\/www.quiltingstudio.hu\/blog\/wp-content\/uploads\/2008\/11\/cica1.jpg 599w\" sizes=\"(max-width: 255px) 100vw, 255px\" \/><\/a><\/p>\n<p>Ilyent m\u00e9g nem varrtam, h\u00e1t ez is ki kellett pr\u00f3b\u00e1lni. Az indul\u00e1s a szok\u00e1sos, varrunk egy alapot, sz\u00e9pen kit\u00f6ltve l\u00e9p\u00e9senk\u00e9nt. Maj ugyanazzal a sz\u00ednnel el kezdi r\u00e1h\u00edmezni a macsek bund\u00e1j\u00e1t.<\/p>\n<p style=\"clear:both\">\n<p>Azut\u00e1n sz\u00e9pen egym\u00e1sra r\u00e9tegezz\u00fck a sz\u00edneket, hol feh\u00e9r, hol s\u00f6t\u00e9tbarna, hol ism\u00e9t az alapsz\u00ednt.<\/p>\n<p><a href=\"http:\/\/www.quiltingstudio.hu\/blog\/wp-content\/uploads\/2008\/11\/cica2.jpg\"><img decoding=\"async\" loading=\"lazy\" class=\"alignnone size-medium wp-image-695\" title=\"cica2\" src=\"http:\/\/www.quiltingstudio.hu\/blog\/wp-content\/uploads\/2008\/11\/cica2-269x300.jpg\" alt=\"h\u00edmzett cica\" width=\"269\" height=\"300\" srcset=\"http:\/\/www.quiltingstudio.hu\/blog\/wp-content\/uploads\/2008\/11\/cica2-269x300.jpg 269w, http:\/\/www.quiltingstudio.hu\/blog\/wp-content\/uploads\/2008\/11\/cica2.jpg 599w\" sizes=\"(max-width: 269px) 100vw, 269px\" \/><\/a><\/p>\n<p style=\"clear:both\">\n<p>Ilyen sz\u00e9p lett, persze a sz\u00ednek az \u00e9n v\u00e1laszt\u00e1saim voltak. K\u00e9sz\u00edtettem k\u00f6r\u00e9 egy keretet is, nekem ez tetszett. \u00cdgy \u00e9rzem befejezettnek. Alig volt t\u00f6bb, mint 20000 \u00f6lt\u00e9s&#8230; de meg\u00e9rte, ugye?<\/p>\n<p style=\"clear:both\">\n<p><a href=\"http:\/\/www.quiltingstudio.hu\/blog\/wp-content\/uploads\/2008\/11\/cica3.jpg\"><img decoding=\"async\" loading=\"lazy\" class=\"alignnone size-medium wp-image-696\" title=\"cica3\" src=\"http:\/\/www.quiltingstudio.hu\/blog\/wp-content\/uploads\/2008\/11\/cica3-233x300.jpg\" alt=\"cica kerettel\" width=\"233\" height=\"300\" srcset=\"http:\/\/www.quiltingstudio.hu\/blog\/wp-content\/uploads\/2008\/11\/cica3-233x300.jpg 233w, http:\/\/www.quiltingstudio.hu\/blog\/wp-content\/uploads\/2008\/11\/cica3.jpg 599w\" sizes=\"(max-width: 233px) 100vw, 233px\" \/><\/a><\/p>\n","protected":false},"excerpt":{"rendered":"<p>M\u00e9g mindig van ebb\u0151l a molin\u00f3b\u00f3l, \u00edgy k\u00e9sz\u00edtettem m\u00e9g egy szatyrot.<\/p>\n","protected":false},"author":1,"featured_media":0,"comment_status":"open","ping_status":"closed","sticky":false,"template":"","format":"standard","meta":[],"categories":[3,4],"tags":[],"aioseo_notices":[],"views":2276,"_links":{"self":[{"href":"http:\/\/www.quiltingstudio.hu\/blog\/index.php?rest_route=\/wp\/v2\/posts\/692"}],"collection":[{"href":"http:\/\/www.quiltingstudio.hu\/blog\/index.php?rest_route=\/wp\/v2\/posts"}],"about":[{"href":"http:\/\/www.quiltingstudio.hu\/blog\/index.php?rest_route=\/wp\/v2\/types\/post"}],"author":[{"embeddable":true,"href":"http:\/\/www.quiltingstudio.hu\/blog\/index.php?rest_route=\/wp\/v2\/users\/1"}],"replies":[{"embeddable":true,"href":"http:\/\/www.quiltingstudio.hu\/blog\/index.php?rest_route=%2Fwp%2Fv2%2Fcomments&post=692"}],"version-history":[{"count":0,"href":"http:\/\/www.quiltingstudio.hu\/blog\/index.php?rest_route=\/wp\/v2\/posts\/692\/revisions"}],"wp:attachment":[{"href":"http:\/\/www.quiltingstudio.hu\/blog\/index.php?rest_route=%2Fwp%2Fv2%2Fmedia&parent=692"}],"wp:term":[{"taxonomy":"category","embeddable":true,"href":"http:\/\/www.quiltingstudio.hu\/blog\/index.php?rest_route=%2Fwp%2Fv2%2Fcategories&post=692"},{"taxonomy":"post_tag","embeddable":true,"href":"http:\/\/www.quiltingstudio.hu\/blog\/index.php?rest_route=%2Fwp%2Fv2%2Ftags&post=692"}],"curies":[{"name":"wp","href":"https:\/\/api.w.org\/{rel}","templated":true}]}}