{"id":697,"date":"2008-11-13T10:10:53","date_gmt":"2008-11-13T08:10:53","guid":{"rendered":"http:\/\/www.quiltingstudio.hu\/blog\/?p=697"},"modified":"2008-11-13T10:11:16","modified_gmt":"2008-11-13T08:11:16","slug":"csak-ugy","status":"publish","type":"post","link":"http:\/\/www.quiltingstudio.hu\/blog\/?p=697","title":{"rendered":"Csak \u00fagy&#8230;"},"content":{"rendered":"<p><a href=\"http:\/\/www.quiltingstudio.hu\/blog\/wp-content\/uploads\/2008\/11\/pulyka.jpg\"><img decoding=\"async\" loading=\"lazy\" class=\"alignnone size-medium wp-image-698\" title=\"pulyka\" src=\"http:\/\/www.quiltingstudio.hu\/blog\/wp-content\/uploads\/2008\/11\/pulyka-280x300.jpg\" alt=\"proba \" width=\"280\" height=\"300\" srcset=\"http:\/\/www.quiltingstudio.hu\/blog\/wp-content\/uploads\/2008\/11\/pulyka-280x300.jpg 280w, http:\/\/www.quiltingstudio.hu\/blog\/wp-content\/uploads\/2008\/11\/pulyka.jpg 600w\" sizes=\"(max-width: 280px) 100vw, 280px\" \/><\/a><\/p>\n<p>Id\u0151nk\u00e9nt van olyan, hogy csak az\u00e9rt kih\u00edmzek egy mint\u00e1t, mert tetszik. Ez is ilyen.\u00a0 Meg egy kicsit applik\u00e1ci\u00f3 is, a p\u00f6tty\u00f6s anyagot \u00e9n v\u00e1lasztottam. Ha m\u00e1r van cip\u0151je \u00e9s kalapja, legyen m\u00e1r valami vid\u00e1m a tolla is. Azut\u00e1n majd lesz vele\u00a0 valami. Ez is egy ingyenes minta volt, t\u00f6bb, mint 33000 \u00f6lt\u00e9s \u00e9s egy este.<\/p>\n<p>(<a href=\"http:\/\/www.smartneedle.com\" target=\"_blank\">www.smartneedle.com<\/a> oldalr\u00f3l)<\/p>\n","protected":false},"excerpt":{"rendered":"<p>Id\u0151nk\u00e9nt van olyan, hogy csak az\u00e9rt kih\u00edmzek egy mint\u00e1t, mert tetszik. Ez is ilyen.\u00a0 Meg egy kicsit applik\u00e1ci\u00f3 is, a p\u00f6tty\u00f6s anyagot \u00e9n v\u00e1lasztottam. Ha m\u00e1r van cip\u0151je \u00e9s kalapja, legyen m\u00e1r valami vid\u00e1m a tolla is. Azut\u00e1n majd lesz vele\u00a0 valami. Ez is egy ingyenes minta volt, t\u00f6bb, mint 33000 \u00f6lt\u00e9s \u00e9s egy este. [&hellip;]<\/p>\n","protected":false},"author":1,"featured_media":0,"comment_status":"open","ping_status":"closed","sticky":false,"template":"","format":"standard","meta":[],"categories":[4],"tags":[],"aioseo_notices":[],"views":2062,"_links":{"self":[{"href":"http:\/\/www.quiltingstudio.hu\/blog\/index.php?rest_route=\/wp\/v2\/posts\/697"}],"collection":[{"href":"http:\/\/www.quiltingstudio.hu\/blog\/index.php?rest_route=\/wp\/v2\/posts"}],"about":[{"href":"http:\/\/www.quiltingstudio.hu\/blog\/index.php?rest_route=\/wp\/v2\/types\/post"}],"author":[{"embeddable":true,"href":"http:\/\/www.quiltingstudio.hu\/blog\/index.php?rest_route=\/wp\/v2\/users\/1"}],"replies":[{"embeddable":true,"href":"http:\/\/www.quiltingstudio.hu\/blog\/index.php?rest_route=%2Fwp%2Fv2%2Fcomments&post=697"}],"version-history":[{"count":0,"href":"http:\/\/www.quiltingstudio.hu\/blog\/index.php?rest_route=\/wp\/v2\/posts\/697\/revisions"}],"wp:attachment":[{"href":"http:\/\/www.quiltingstudio.hu\/blog\/index.php?rest_route=%2Fwp%2Fv2%2Fmedia&parent=697"}],"wp:term":[{"taxonomy":"category","embeddable":true,"href":"http:\/\/www.quiltingstudio.hu\/blog\/index.php?rest_route=%2Fwp%2Fv2%2Fcategories&post=697"},{"taxonomy":"post_tag","embeddable":true,"href":"http:\/\/www.quiltingstudio.hu\/blog\/index.php?rest_route=%2Fwp%2Fv2%2Ftags&post=697"}],"curies":[{"name":"wp","href":"https:\/\/api.w.org\/{rel}","templated":true}]}}