{"id":702,"date":"2008-11-17T19:55:32","date_gmt":"2008-11-17T17:55:32","guid":{"rendered":"http:\/\/www.quiltingstudio.hu\/blog\/?p=702"},"modified":"2008-11-17T19:55:32","modified_gmt":"2008-11-17T17:55:32","slug":"falvedo-bencenek","status":"publish","type":"post","link":"http:\/\/www.quiltingstudio.hu\/blog\/?p=702","title":{"rendered":"Falved\u0151 Benc\u00e9nek&#8230;"},"content":{"rendered":"<p><a href=\"http:\/\/www.quiltingstudio.hu\/blog\/wp-content\/uploads\/2008\/11\/falvedo-bencenek2.jpg\"><img decoding=\"async\" loading=\"lazy\" class=\"alignnone size-medium wp-image-704\" title=\"falvedo-bencenek2\" src=\"http:\/\/www.quiltingstudio.hu\/blog\/wp-content\/uploads\/2008\/11\/falvedo-bencenek2-300x168.jpg\" alt=\"h\u00edmzett falv\u00e9d\u0151\" width=\"300\" height=\"168\" srcset=\"http:\/\/www.quiltingstudio.hu\/blog\/wp-content\/uploads\/2008\/11\/falvedo-bencenek2-300x168.jpg 300w, http:\/\/www.quiltingstudio.hu\/blog\/wp-content\/uploads\/2008\/11\/falvedo-bencenek2.jpg 887w\" sizes=\"(max-width: 300px) 100vw, 300px\" \/><\/a><\/p>\n<p>Nem ez volt \u00e9letem f\u0151m\u0171ve, de nekem nagyon tetszett. T\u00e9nyleg nagy \u00f6r\u00f6mmel k\u00e9sz\u00edtettem \u00e9s sokat gondoltam erre a kis leg\u00e9nyre.<\/p>\n<p>Tudom, hogy nem ez a legjobb k\u00e9p err\u0151l a falv\u00e9d\u0151r\u0151l. Majd k\u00e9rek egyet, ha siker\u00fcl &#8222;be\u00fczemelni\u00fck&#8221;<\/p>\n","protected":false},"excerpt":{"rendered":"<p>Nem ez volt \u00e9letem f\u0151m\u0171ve, de nekem nagyon tetszett. T\u00e9nyleg nagy \u00f6r\u00f6mmel k\u00e9sz\u00edtettem \u00e9s sokat gondoltam erre a kis leg\u00e9nyre. Tudom, hogy nem ez a legjobb k\u00e9p err\u0151l a falv\u00e9d\u0151r\u0151l. Majd k\u00e9rek egyet, ha siker\u00fcl &#8222;be\u00fczemelni\u00fck&#8221;<\/p>\n","protected":false},"author":1,"featured_media":0,"comment_status":"open","ping_status":"closed","sticky":false,"template":"","format":"standard","meta":[],"categories":[3],"tags":[],"aioseo_notices":[],"views":1887,"_links":{"self":[{"href":"http:\/\/www.quiltingstudio.hu\/blog\/index.php?rest_route=\/wp\/v2\/posts\/702"}],"collection":[{"href":"http:\/\/www.quiltingstudio.hu\/blog\/index.php?rest_route=\/wp\/v2\/posts"}],"about":[{"href":"http:\/\/www.quiltingstudio.hu\/blog\/index.php?rest_route=\/wp\/v2\/types\/post"}],"author":[{"embeddable":true,"href":"http:\/\/www.quiltingstudio.hu\/blog\/index.php?rest_route=\/wp\/v2\/users\/1"}],"replies":[{"embeddable":true,"href":"http:\/\/www.quiltingstudio.hu\/blog\/index.php?rest_route=%2Fwp%2Fv2%2Fcomments&post=702"}],"version-history":[{"count":0,"href":"http:\/\/www.quiltingstudio.hu\/blog\/index.php?rest_route=\/wp\/v2\/posts\/702\/revisions"}],"wp:attachment":[{"href":"http:\/\/www.quiltingstudio.hu\/blog\/index.php?rest_route=%2Fwp%2Fv2%2Fmedia&parent=702"}],"wp:term":[{"taxonomy":"category","embeddable":true,"href":"http:\/\/www.quiltingstudio.hu\/blog\/index.php?rest_route=%2Fwp%2Fv2%2Fcategories&post=702"},{"taxonomy":"post_tag","embeddable":true,"href":"http:\/\/www.quiltingstudio.hu\/blog\/index.php?rest_route=%2Fwp%2Fv2%2Ftags&post=702"}],"curies":[{"name":"wp","href":"https:\/\/api.w.org\/{rel}","templated":true}]}}