{"id":705,"date":"2008-11-16T21:07:05","date_gmt":"2008-11-16T19:07:05","guid":{"rendered":"http:\/\/www.quiltingstudio.hu\/blog\/?p=705"},"modified":"2008-11-16T21:07:27","modified_gmt":"2008-11-16T19:07:27","slug":"a-hetvegi-nagy-varazslas","status":"publish","type":"post","link":"http:\/\/www.quiltingstudio.hu\/blog\/?p=705","title":{"rendered":"A h\u00e9tv\u00e9gi nagy var\u00e1zsl\u00e1s&#8230;"},"content":{"rendered":"<p>A teljess\u00e9g ig\u00e9nye n\u00e9lk\u00fcl mutatok n\u00e9h\u00e1ny k\u00e9pet a szombati sze\u00e1nszr\u00f3l.<\/p>\n<p><a href=\"http:\/\/www.quiltingstudio.hu\/blog\/wp-content\/uploads\/2008\/11\/img_8321.jpg\"><img decoding=\"async\" loading=\"lazy\" class=\"alignnone size-medium wp-image-706\" title=\"img_8321\" src=\"http:\/\/www.quiltingstudio.hu\/blog\/wp-content\/uploads\/2008\/11\/img_8321-300x278.jpg\" alt=\"a var\u00e1zsl\u00f3\" width=\"300\" height=\"278\" srcset=\"http:\/\/www.quiltingstudio.hu\/blog\/wp-content\/uploads\/2008\/11\/img_8321-300x278.jpg 300w, http:\/\/www.quiltingstudio.hu\/blog\/wp-content\/uploads\/2008\/11\/img_8321.jpg 700w\" sizes=\"(max-width: 300px) 100vw, 300px\" \/><\/a><\/p>\n<p>Ildi volt a <strong>Nagy Var\u00e1zsl\u00f3,<\/strong> mi pedig a szorgalmas \u00e9s sz\u00f3fogad\u00f3 kisinasok.<\/p>\n<p><!--more--><\/p>\n<p style=\"clear:both\">\n<p><a href=\"http:\/\/www.quiltingstudio.hu\/blog\/wp-content\/uploads\/2008\/11\/img_8416.jpg\"><img decoding=\"async\" loading=\"lazy\" class=\"alignnone size-medium wp-image-707\" title=\"img_8416\" src=\"http:\/\/www.quiltingstudio.hu\/blog\/wp-content\/uploads\/2008\/11\/img_8416-300x225.jpg\" alt=\"kell\u00e9kek\" width=\"300\" height=\"225\" srcset=\"http:\/\/www.quiltingstudio.hu\/blog\/wp-content\/uploads\/2008\/11\/img_8416-300x225.jpg 300w, http:\/\/www.quiltingstudio.hu\/blog\/wp-content\/uploads\/2008\/11\/img_8416.jpg 700w\" sizes=\"(max-width: 300px) 100vw, 300px\" \/><\/a><\/p>\n<p>Ezek pedig mind a sz\u00fcks\u00e9ges kell\u00e9kek. Hihetetlen, hogy mi mindent \u00f6ssze nem szedt\u00fcnk, sose lehet tudni alapon&#8230;<\/p>\n<p style=\"clear:both\">\n<p><a href=\"http:\/\/www.quiltingstudio.hu\/blog\/wp-content\/uploads\/2008\/11\/img_8352.jpg\"><img decoding=\"async\" loading=\"lazy\" class=\"alignnone size-medium wp-image-708\" title=\"img_8352\" src=\"http:\/\/www.quiltingstudio.hu\/blog\/wp-content\/uploads\/2008\/11\/img_8352-225x300.jpg\" alt=\"grilon sz\u00e1l\" width=\"225\" height=\"300\" srcset=\"http:\/\/www.quiltingstudio.hu\/blog\/wp-content\/uploads\/2008\/11\/img_8352-225x300.jpg 225w, http:\/\/www.quiltingstudio.hu\/blog\/wp-content\/uploads\/2008\/11\/img_8352.jpg 700w\" sizes=\"(max-width: 225px) 100vw, 225px\" \/><\/a><\/p>\n<p><em>&#8222;Te l\u00e1tsz valamit? \u00c9n nem. \u00c9n sem!&#8221;<\/em> kb. ez van a k\u00e9pen.<\/p>\n<p style=\"clear:both\">\n<p><a href=\"http:\/\/www.quiltingstudio.hu\/blog\/wp-content\/uploads\/2008\/11\/img_8393.jpg\"><img decoding=\"async\" loading=\"lazy\" class=\"alignnone size-medium wp-image-709\" title=\"img_8393\" src=\"http:\/\/www.quiltingstudio.hu\/blog\/wp-content\/uploads\/2008\/11\/img_8393-300x167.jpg\" alt=\"tyvek anyag\" width=\"300\" height=\"167\" srcset=\"http:\/\/www.quiltingstudio.hu\/blog\/wp-content\/uploads\/2008\/11\/img_8393-300x167.jpg 300w, http:\/\/www.quiltingstudio.hu\/blog\/wp-content\/uploads\/2008\/11\/img_8393.jpg 699w\" sizes=\"(max-width: 300px) 100vw, 300px\" \/><\/a><\/p>\n<p>Na, de ezen m\u00e1r l\u00e1tszik valami&#8230;igaz, m\u00e9g csak f\u00e9lk\u00e9sz, de m\u00e1r biztat\u00f3 el\u0151jelek vannak!<\/p>\n<p style=\"clear:both\">\n<p><a href=\"http:\/\/www.quiltingstudio.hu\/blog\/wp-content\/uploads\/2008\/11\/img_8402.jpg\"><img decoding=\"async\" loading=\"lazy\" class=\"alignnone size-medium wp-image-710\" title=\"img_8402\" src=\"http:\/\/www.quiltingstudio.hu\/blog\/wp-content\/uploads\/2008\/11\/img_8402-300x253.jpg\" alt=\"textilgy\u00f6ngy\" width=\"300\" height=\"253\" srcset=\"http:\/\/www.quiltingstudio.hu\/blog\/wp-content\/uploads\/2008\/11\/img_8402-300x253.jpg 300w, http:\/\/www.quiltingstudio.hu\/blog\/wp-content\/uploads\/2008\/11\/img_8402.jpg 700w\" sizes=\"(max-width: 300px) 100vw, 300px\" \/><\/a><\/p>\n<p>Mindenki s\u00fct\u00f6gette a maga kis &#8216;<em>pecseny\u00e9j\u00e9t<\/em>&#8216;&#8230;<\/p>\n<p style=\"clear:both\">\n<p><a href=\"http:\/\/www.quiltingstudio.hu\/blog\/wp-content\/uploads\/2008\/11\/img_8405.jpg\"><img decoding=\"async\" loading=\"lazy\" class=\"alignnone size-medium wp-image-711\" title=\"img_8405\" src=\"http:\/\/www.quiltingstudio.hu\/blog\/wp-content\/uploads\/2008\/11\/img_8405-300x141.jpg\" alt=\"textilgy\u00f6ngy\" width=\"300\" height=\"141\" srcset=\"http:\/\/www.quiltingstudio.hu\/blog\/wp-content\/uploads\/2008\/11\/img_8405-300x141.jpg 300w, http:\/\/www.quiltingstudio.hu\/blog\/wp-content\/uploads\/2008\/11\/img_8405.jpg 700w\" sizes=\"(max-width: 300px) 100vw, 300px\" \/><\/a><\/p>\n<p>ilyen lett, mire &#8216;kis\u00fclt&#8217;, nekem tetszik!<\/p>\n<p>A l\u00e9nyeg. hogy nagyon j\u00f3l \u00e9rezt\u00fck magunkat \u00e9s rendesen el is f\u00e1radtunk est\u00e9re, mire haza\u00e9rt\u00fcnk. Csak azt nem tudom, mi\u00e9rt \u00e1lmodtam eg\u00e9sz \u00e9jjel f\u00fcgg\u00f6ny darabokkal, rongyokkal?!<\/p>\n","protected":false},"excerpt":{"rendered":"<p>A teljess\u00e9g ig\u00e9nye n\u00e9lk\u00fcl mutatok n\u00e9h\u00e1ny k\u00e9pet a szombati sze\u00e1nszr\u00f3l. Ildi volt a Nagy Var\u00e1zsl\u00f3, mi pedig a szorgalmas \u00e9s sz\u00f3fogad\u00f3 kisinasok.<\/p>\n","protected":false},"author":1,"featured_media":0,"comment_status":"open","ping_status":"closed","sticky":false,"template":"","format":"standard","meta":[],"categories":[3,1],"tags":[],"aioseo_notices":[],"views":2716,"_links":{"self":[{"href":"http:\/\/www.quiltingstudio.hu\/blog\/index.php?rest_route=\/wp\/v2\/posts\/705"}],"collection":[{"href":"http:\/\/www.quiltingstudio.hu\/blog\/index.php?rest_route=\/wp\/v2\/posts"}],"about":[{"href":"http:\/\/www.quiltingstudio.hu\/blog\/index.php?rest_route=\/wp\/v2\/types\/post"}],"author":[{"embeddable":true,"href":"http:\/\/www.quiltingstudio.hu\/blog\/index.php?rest_route=\/wp\/v2\/users\/1"}],"replies":[{"embeddable":true,"href":"http:\/\/www.quiltingstudio.hu\/blog\/index.php?rest_route=%2Fwp%2Fv2%2Fcomments&post=705"}],"version-history":[{"count":0,"href":"http:\/\/www.quiltingstudio.hu\/blog\/index.php?rest_route=\/wp\/v2\/posts\/705\/revisions"}],"wp:attachment":[{"href":"http:\/\/www.quiltingstudio.hu\/blog\/index.php?rest_route=%2Fwp%2Fv2%2Fmedia&parent=705"}],"wp:term":[{"taxonomy":"category","embeddable":true,"href":"http:\/\/www.quiltingstudio.hu\/blog\/index.php?rest_route=%2Fwp%2Fv2%2Fcategories&post=705"},{"taxonomy":"post_tag","embeddable":true,"href":"http:\/\/www.quiltingstudio.hu\/blog\/index.php?rest_route=%2Fwp%2Fv2%2Ftags&post=705"}],"curies":[{"name":"wp","href":"https:\/\/api.w.org\/{rel}","templated":true}]}}