{"id":740,"date":"2008-12-19T23:27:50","date_gmt":"2008-12-19T21:27:50","guid":{"rendered":"http:\/\/www.quiltingstudio.hu\/blog\/?p=740"},"modified":"2008-12-19T23:27:50","modified_gmt":"2008-12-19T21:27:50","slug":"rendhagyo-kepeslap","status":"publish","type":"post","link":"http:\/\/www.quiltingstudio.hu\/blog\/?p=740","title":{"rendered":"Rendhagy\u00f3 k\u00e9peslap&#8230;"},"content":{"rendered":"<p><a href=\"http:\/\/www.quiltingstudio.hu\/blog\/wp-content\/uploads\/2008\/12\/kepeslap1.jpg\"><img decoding=\"async\" loading=\"lazy\" class=\"alignnone size-medium wp-image-745\" title=\"kepeslap1\" src=\"http:\/\/www.quiltingstudio.hu\/blog\/wp-content\/uploads\/2008\/12\/kepeslap1-300x268.jpg\" alt=\"\" width=\"300\" height=\"268\" srcset=\"http:\/\/www.quiltingstudio.hu\/blog\/wp-content\/uploads\/2008\/12\/kepeslap1-300x268.jpg 300w, http:\/\/www.quiltingstudio.hu\/blog\/wp-content\/uploads\/2008\/12\/kepeslap1.jpg 803w\" sizes=\"(max-width: 300px) 100vw, 300px\" \/><\/a><\/p>\n<p style=\"clear:both\">\n<p>Ki mondta, hogy mindig sz\u00f6gletesnek kell lennie&#8230;.<\/p>\n<p><a href=\"http:\/\/www.quiltingstudio.hu\/blog\/wp-content\/uploads\/2008\/12\/kepeslapok.jpg\"><img decoding=\"async\" loading=\"lazy\" class=\"alignnone size-medium wp-image-746\" title=\"kepeslapok\" src=\"http:\/\/www.quiltingstudio.hu\/blog\/wp-content\/uploads\/2008\/12\/kepeslapok-300x267.jpg\" alt=\"\" width=\"300\" height=\"267\" srcset=\"http:\/\/www.quiltingstudio.hu\/blog\/wp-content\/uploads\/2008\/12\/kepeslapok-300x267.jpg 300w, http:\/\/www.quiltingstudio.hu\/blog\/wp-content\/uploads\/2008\/12\/kepeslapok.jpg 700w\" sizes=\"(max-width: 300px) 100vw, 300px\" \/><\/a><\/p>\n<p style=\"clear:both\">\n<p>&#8230;az\u00e9rt k\u00e9sz\u00fcltek olyanok is.<\/p>\n","protected":false},"excerpt":{"rendered":"<p>Ki mondta, hogy mindig sz\u00f6gletesnek kell lennie&#8230;. &#8230;az\u00e9rt k\u00e9sz\u00fcltek olyanok is.<\/p>\n","protected":false},"author":1,"featured_media":0,"comment_status":"open","ping_status":"closed","sticky":false,"template":"","format":"standard","meta":[],"categories":[4],"tags":[],"aioseo_notices":[],"views":2054,"_links":{"self":[{"href":"http:\/\/www.quiltingstudio.hu\/blog\/index.php?rest_route=\/wp\/v2\/posts\/740"}],"collection":[{"href":"http:\/\/www.quiltingstudio.hu\/blog\/index.php?rest_route=\/wp\/v2\/posts"}],"about":[{"href":"http:\/\/www.quiltingstudio.hu\/blog\/index.php?rest_route=\/wp\/v2\/types\/post"}],"author":[{"embeddable":true,"href":"http:\/\/www.quiltingstudio.hu\/blog\/index.php?rest_route=\/wp\/v2\/users\/1"}],"replies":[{"embeddable":true,"href":"http:\/\/www.quiltingstudio.hu\/blog\/index.php?rest_route=%2Fwp%2Fv2%2Fcomments&post=740"}],"version-history":[{"count":0,"href":"http:\/\/www.quiltingstudio.hu\/blog\/index.php?rest_route=\/wp\/v2\/posts\/740\/revisions"}],"wp:attachment":[{"href":"http:\/\/www.quiltingstudio.hu\/blog\/index.php?rest_route=%2Fwp%2Fv2%2Fmedia&parent=740"}],"wp:term":[{"taxonomy":"category","embeddable":true,"href":"http:\/\/www.quiltingstudio.hu\/blog\/index.php?rest_route=%2Fwp%2Fv2%2Fcategories&post=740"},{"taxonomy":"post_tag","embeddable":true,"href":"http:\/\/www.quiltingstudio.hu\/blog\/index.php?rest_route=%2Fwp%2Fv2%2Ftags&post=740"}],"curies":[{"name":"wp","href":"https:\/\/api.w.org\/{rel}","templated":true}]}}