{"id":748,"date":"2008-12-19T23:35:15","date_gmt":"2008-12-19T21:35:15","guid":{"rendered":"http:\/\/www.quiltingstudio.hu\/blog\/?p=748"},"modified":"2008-12-19T23:35:15","modified_gmt":"2008-12-19T21:35:15","slug":"rudolfka","status":"publish","type":"post","link":"http:\/\/www.quiltingstudio.hu\/blog\/?p=748","title":{"rendered":"Rudolfka&#8230;"},"content":{"rendered":"<p><a href=\"http:\/\/www.quiltingstudio.hu\/blog\/wp-content\/uploads\/2008\/12\/rudolf1.jpg\"><img decoding=\"async\" loading=\"lazy\" class=\"alignnone size-medium wp-image-749\" title=\"rudolf1\" src=\"http:\/\/www.quiltingstudio.hu\/blog\/wp-content\/uploads\/2008\/12\/rudolf1-240x300.jpg\" alt=\"Rudolfka\" width=\"240\" height=\"300\" srcset=\"http:\/\/www.quiltingstudio.hu\/blog\/wp-content\/uploads\/2008\/12\/rudolf1-240x300.jpg 240w, http:\/\/www.quiltingstudio.hu\/blog\/wp-content\/uploads\/2008\/12\/rudolf1.jpg 800w\" sizes=\"(max-width: 240px) 100vw, 240px\" \/><\/a><\/p>\n<p>\u0150 <strong>Rudolfka<\/strong>, hiszen olyan pici \u00e9s gy\u00e1moltalan.<\/p>\n<p>Alig kb.22 cm.<\/p>\n<p>Az \u00e9rdekess\u00e9ge, hogy a h\u00edmz\u0151egys\u00e9g seg\u00edts\u00e9g\u00e9vel k\u00e9sz\u00fclt, teh\u00e1t \u00fagy h\u00edmeztem meg azt a b\u00e1jos n\u00e9z\u00e9s\u00e9t. (k\u00e9sz\u00fclt egy ikertes\u00f3 is, csak \u0151 m\u00e9g nem kelt \u00e9letre.) Ill. az \u00f6sszes elem\u00e9t is ott k\u00e9sz\u00edtettem el, ut\u00e1na <strong>csak<\/strong> kiv\u00e1gni, kiford\u00edtani, kit\u00f6mni, \u00f6sszevarrni \u00e9s \u00f6ssze\u00e1ll\u00edtani kellett. <em>Hamar<\/em> megvolt, k\u00e9t este.<\/p>\n<p>H\u00e1t nem \u00e9des?!<\/p>\n","protected":false},"excerpt":{"rendered":"<p>\u0150 Rudolfka, hiszen olyan pici \u00e9s gy\u00e1moltalan. Alig kb.22 cm. Az \u00e9rdekess\u00e9ge, hogy a h\u00edmz\u0151egys\u00e9g seg\u00edts\u00e9g\u00e9vel k\u00e9sz\u00fclt, teh\u00e1t \u00fagy h\u00edmeztem meg azt a b\u00e1jos n\u00e9z\u00e9s\u00e9t. (k\u00e9sz\u00fclt egy ikertes\u00f3 is, csak \u0151 m\u00e9g nem kelt \u00e9letre.) Ill. az \u00f6sszes elem\u00e9t is ott k\u00e9sz\u00edtettem el, ut\u00e1na csak kiv\u00e1gni, kiford\u00edtani, kit\u00f6mni, \u00f6sszevarrni \u00e9s \u00f6ssze\u00e1ll\u00edtani kellett. Hamar megvolt, k\u00e9t [&hellip;]<\/p>\n","protected":false},"author":1,"featured_media":0,"comment_status":"open","ping_status":"closed","sticky":false,"template":"","format":"standard","meta":[],"categories":[3,4],"tags":[],"aioseo_notices":[],"views":2055,"_links":{"self":[{"href":"http:\/\/www.quiltingstudio.hu\/blog\/index.php?rest_route=\/wp\/v2\/posts\/748"}],"collection":[{"href":"http:\/\/www.quiltingstudio.hu\/blog\/index.php?rest_route=\/wp\/v2\/posts"}],"about":[{"href":"http:\/\/www.quiltingstudio.hu\/blog\/index.php?rest_route=\/wp\/v2\/types\/post"}],"author":[{"embeddable":true,"href":"http:\/\/www.quiltingstudio.hu\/blog\/index.php?rest_route=\/wp\/v2\/users\/1"}],"replies":[{"embeddable":true,"href":"http:\/\/www.quiltingstudio.hu\/blog\/index.php?rest_route=%2Fwp%2Fv2%2Fcomments&post=748"}],"version-history":[{"count":0,"href":"http:\/\/www.quiltingstudio.hu\/blog\/index.php?rest_route=\/wp\/v2\/posts\/748\/revisions"}],"wp:attachment":[{"href":"http:\/\/www.quiltingstudio.hu\/blog\/index.php?rest_route=%2Fwp%2Fv2%2Fmedia&parent=748"}],"wp:term":[{"taxonomy":"category","embeddable":true,"href":"http:\/\/www.quiltingstudio.hu\/blog\/index.php?rest_route=%2Fwp%2Fv2%2Fcategories&post=748"},{"taxonomy":"post_tag","embeddable":true,"href":"http:\/\/www.quiltingstudio.hu\/blog\/index.php?rest_route=%2Fwp%2Fv2%2Ftags&post=748"}],"curies":[{"name":"wp","href":"https:\/\/api.w.org\/{rel}","templated":true}]}}