{"id":751,"date":"2009-01-07T09:55:58","date_gmt":"2009-01-07T07:55:58","guid":{"rendered":"http:\/\/www.quiltingstudio.hu\/blog\/?p=751"},"modified":"2009-01-07T09:55:58","modified_gmt":"2009-01-07T07:55:58","slug":"2009","status":"publish","type":"post","link":"http:\/\/www.quiltingstudio.hu\/blog\/?p=751","title":{"rendered":"2009."},"content":{"rendered":"<p><a href=\"http:\/\/www.quiltingstudio.hu\/blog\/wp-content\/uploads\/2009\/01\/images1.jpg\"><img decoding=\"async\" loading=\"lazy\" class=\"alignnone size-medium wp-image-755\" title=\"images1\" src=\"http:\/\/www.quiltingstudio.hu\/blog\/wp-content\/uploads\/2009\/01\/images1.jpg\" alt=\"\" width=\"113\" height=\"90\" \/><\/a>Szeretn\u00e9k mindenkit megnyugtatni, akik esetleg agg\u00f3dtak amiatt, hogy m\u00e1r t\u00f6bb, mint 2 hete nem \u00edrtam a blogomba, ism\u00e9t itt vagyok!<\/p>\n<p>Mivel az id\u00e9n lesz m\u00e1r 10 \u00e9ve, hogy minden nap napi 8 \u00f3r\u00e1t ( vagy t\u00f6bbet) \u00fcl\u00f6k a sz\u00e1m\u00edt\u00f3g\u00e9p el\u0151tt, most \u00fagy d\u00f6nt\u00f6ttem, hogy &#8222;szabira&#8221; megyek \u00e9s l\u00e1tni sem akarom.<\/p>\n<p>Ezt siker\u00fclt is eg\u00e9sz j\u00f3l betartanom.<\/p>\n<p>A varr\u00e1st sem vittem t\u00falz\u00e1sba, m\u00e9g olvasni is volt id\u0151m! Meg s\u00fctni-f\u0151zni, meg csavarogni&#8230;.<\/p>\n<p>De sajnos az \u00faj \u00e9vvel a munka is megkezd\u0151d\u00f6tt&#8230;<\/p>\n","protected":false},"excerpt":{"rendered":"<p>Szeretn\u00e9k mindenkit megnyugtatni, akik esetleg agg\u00f3dtak amiatt, hogy m\u00e1r t\u00f6bb, mint 2 hete nem \u00edrtam a blogomba, ism\u00e9t itt vagyok! Mivel az id\u00e9n lesz m\u00e1r 10 \u00e9ve, hogy minden nap napi 8 \u00f3r\u00e1t ( vagy t\u00f6bbet) \u00fcl\u00f6k a sz\u00e1m\u00edt\u00f3g\u00e9p el\u0151tt, most \u00fagy d\u00f6nt\u00f6ttem, hogy &#8222;szabira&#8221; megyek \u00e9s l\u00e1tni sem akarom. Ezt siker\u00fclt is eg\u00e9sz j\u00f3l [&hellip;]<\/p>\n","protected":false},"author":1,"featured_media":0,"comment_status":"open","ping_status":"closed","sticky":false,"template":"","format":"standard","meta":[],"categories":[1],"tags":[],"aioseo_notices":[],"views":1906,"_links":{"self":[{"href":"http:\/\/www.quiltingstudio.hu\/blog\/index.php?rest_route=\/wp\/v2\/posts\/751"}],"collection":[{"href":"http:\/\/www.quiltingstudio.hu\/blog\/index.php?rest_route=\/wp\/v2\/posts"}],"about":[{"href":"http:\/\/www.quiltingstudio.hu\/blog\/index.php?rest_route=\/wp\/v2\/types\/post"}],"author":[{"embeddable":true,"href":"http:\/\/www.quiltingstudio.hu\/blog\/index.php?rest_route=\/wp\/v2\/users\/1"}],"replies":[{"embeddable":true,"href":"http:\/\/www.quiltingstudio.hu\/blog\/index.php?rest_route=%2Fwp%2Fv2%2Fcomments&post=751"}],"version-history":[{"count":0,"href":"http:\/\/www.quiltingstudio.hu\/blog\/index.php?rest_route=\/wp\/v2\/posts\/751\/revisions"}],"wp:attachment":[{"href":"http:\/\/www.quiltingstudio.hu\/blog\/index.php?rest_route=%2Fwp%2Fv2%2Fmedia&parent=751"}],"wp:term":[{"taxonomy":"category","embeddable":true,"href":"http:\/\/www.quiltingstudio.hu\/blog\/index.php?rest_route=%2Fwp%2Fv2%2Fcategories&post=751"},{"taxonomy":"post_tag","embeddable":true,"href":"http:\/\/www.quiltingstudio.hu\/blog\/index.php?rest_route=%2Fwp%2Fv2%2Ftags&post=751"}],"curies":[{"name":"wp","href":"https:\/\/api.w.org\/{rel}","templated":true}]}}