{"id":766,"date":"2009-01-20T20:54:54","date_gmt":"2009-01-20T18:54:54","guid":{"rendered":"http:\/\/www.quiltingstudio.hu\/blog\/?p=766"},"modified":"2009-01-21T07:59:55","modified_gmt":"2009-01-21T05:59:55","slug":"elkeszultem","status":"publish","type":"post","link":"http:\/\/www.quiltingstudio.hu\/blog\/?p=766","title":{"rendered":"Elk\u00e9sz\u00fcltem&#8230;"},"content":{"rendered":"<p><a href=\"http:\/\/www.quiltingstudio.hu\/blog\/wp-content\/uploads\/2009\/01\/macis-felkesz.jpg\"><\/a><a href=\"http:\/\/www.quiltingstudio.hu\/blog\/wp-content\/uploads\/2009\/01\/macis-reszlet3.jpg\"><\/a><a href=\"http:\/\/www.quiltingstudio.hu\/blog\/wp-content\/uploads\/2009\/01\/macis-reszlet2.jpg\"><\/a><a href=\"http:\/\/www.quiltingstudio.hu\/blog\/wp-content\/uploads\/2009\/01\/macis-reszlet.jpg\"><\/a><a href=\"http:\/\/www.quiltingstudio.hu\/blog\/wp-content\/uploads\/2009\/01\/macis1.jpg\"><img decoding=\"async\" loading=\"lazy\" class=\"alignnone size-medium wp-image-778\" title=\"macis1\" src=\"http:\/\/www.quiltingstudio.hu\/blog\/wp-content\/uploads\/2009\/01\/macis1-300x168.jpg\" alt=\"Tatty macis \u00e1gytakar\u00f3\" width=\"300\" height=\"168\" srcset=\"http:\/\/www.quiltingstudio.hu\/blog\/wp-content\/uploads\/2009\/01\/macis1-300x168.jpg 300w, http:\/\/www.quiltingstudio.hu\/blog\/wp-content\/uploads\/2009\/01\/macis1.jpg 800w\" sizes=\"(max-width: 300px) 100vw, 300px\" \/><\/a><\/p>\n<p>Ez a tavalyi utols\u00f3 , ill. az idei els\u0151 munk\u00e1m.<\/p>\n<p style=\"clear:both\">\n<p><!--more--><\/p>\n<p><a href=\"http:\/\/www.quiltingstudio.hu\/blog\/wp-content\/uploads\/2009\/01\/macis.jpg\"><img decoding=\"async\" loading=\"lazy\" class=\"alignnone size-medium wp-image-767\" title=\"macis\" src=\"http:\/\/www.quiltingstudio.hu\/blog\/wp-content\/uploads\/2009\/01\/macis-300x212.jpg\" alt=\"quilt as you go\" width=\"300\" height=\"212\" srcset=\"http:\/\/www.quiltingstudio.hu\/blog\/wp-content\/uploads\/2009\/01\/macis-300x212.jpg 300w, http:\/\/www.quiltingstudio.hu\/blog\/wp-content\/uploads\/2009\/01\/macis.jpg 800w\" sizes=\"(max-width: 300px) 100vw, 300px\" \/><\/a><\/p>\n<p>Ezek egyenl\u0151re csak az elemei, annak is csak egy r\u00e9sze. \u00d6sszesen 50 blokkb\u00f3l k\u00e9sz\u00fclt az \u00e1gytakar\u00f3, a v\u00e9gs\u0151 m\u00e9rete: kb.190x230cm.<\/p>\n<p style=\"clear:both\">\n<p>Tavalyi \u00e9v v\u00e9ge a k\u00fcl\u00f6nb\u00f6z\u0151 macik h\u00edmz\u00e9s\u00e9vel telt. Ut\u00e1nan\u00e9ztem, \u00e9s miut\u00e1n az eredeti <em>Tatty <\/em>macinak mindig\u00a0 k\u00e9k az orra, \u00e9n is \u00fagy h\u00edmeztem. Olyan kis esetlen, de aranyos!<\/p>\n<p><a href=\"http:\/\/www.quiltingstudio.hu\/blog\/wp-content\/uploads\/2009\/01\/p1050073.jpg\"><img decoding=\"async\" loading=\"lazy\" class=\"alignnone size-medium wp-image-768\" title=\"p1050073\" src=\"http:\/\/www.quiltingstudio.hu\/blog\/wp-content\/uploads\/2009\/01\/p1050073-200x300.jpg\" alt=\"tatty maci\" width=\"200\" height=\"300\" srcset=\"http:\/\/www.quiltingstudio.hu\/blog\/wp-content\/uploads\/2009\/01\/p1050073-200x300.jpg 200w, http:\/\/www.quiltingstudio.hu\/blog\/wp-content\/uploads\/2009\/01\/p1050073.jpg 800w\" sizes=\"(max-width: 200px) 100vw, 200px\" \/><\/a><\/p>\n<p style=\"clear:both\">\n<p>A technika neve: &#8222;Quilt as you go&#8221;, \u00e9n <em>Margaret Cormack<\/em> le\u00edr\u00e1s\u00e1t haszn\u00e1ltam.<\/p>\n<p>R\u00f6viden a l\u00e9nyege, hogy minden blokkot elk\u00e9sz\u00edtettem k\u00e9szre, azaz 3 r\u00e9teg + t\u0171z\u00e9s. Majd j\u00f6het az \u00f6ssze\u00e1ll\u00edt\u00e1s, egyenes p\u00e1ntokkal. Soronk\u00e9nt \u00e1ll\u00edtottam \u00f6ssze,\u00a0\u00edgy ezekkel a kisebb darabokkal k\u00f6nnyebb dolgozni\u00a0\u00e9s\u00a0ha mind elk\u00e9sz\u00fcl nem kell m\u00e1r t\u0171zni! M\u00e9g kapott n\u00e9h\u00e1ny keretet \u00e9s k\u00e9sz is! Ugye milyen gyors. De akkor mi tartott nekem kb.m\u00e1sf\u00e9l h\u00f3napig?!<\/p>\n<p>Terv EQ-ban k\u00e9sz\u00fclt, viszonylag egyszer\u0171 mint\u00e1t v\u00e1lasztottam, m\u00e9gis elsz\u00fctty\u00f6gtem vele egy ideig.<\/p>\n<p>(A k\u00e9pen m\u00e1r l\u00e1tszik, hogy az egyik ir\u00e1nyban felvarrtam\u00a0r\u00e1 \u00a0a cs\u00edkokat. )<\/p>\n<p style=\"clear:both\">\n<p><a href=\"http:\/\/www.quiltingstudio.hu\/blog\/wp-content\/uploads\/2009\/01\/macis-felkesz.jpg\"><img decoding=\"async\" loading=\"lazy\" class=\"alignnone size-medium wp-image-769\" title=\"macis-felkesz\" src=\"http:\/\/www.quiltingstudio.hu\/blog\/wp-content\/uploads\/2009\/01\/macis-felkesz-300x212.jpg\" alt=\"f\u00e9lk\u00e9sz takar\u00f3\" width=\"300\" height=\"212\" srcset=\"http:\/\/www.quiltingstudio.hu\/blog\/wp-content\/uploads\/2009\/01\/macis-felkesz-300x212.jpg 300w, http:\/\/www.quiltingstudio.hu\/blog\/wp-content\/uploads\/2009\/01\/macis-felkesz.jpg 799w\" sizes=\"(max-width: 300px) 100vw, 300px\" \/><\/a><\/p>\n<p style=\"clear:both\">\n<p>Sajnos a k\u00e9sz takar\u00f3r\u00f3l nem k\u00e9sz\u00fclt f\u00e9nyk\u00e9p, azon egyszer\u0171 okn\u00e1l fogva, hogy nem f\u00e9r el a nappaliban. Azaz nem tudunk olyan t\u00e1vol menni t\u0151le, hogy az eg\u00e9sz benne legyen a k\u00e9pben. Majd igyekszem r\u00e9szleteket feltenni.<\/p>\n<p><a href=\"http:\/\/www.quiltingstudio.hu\/blog\/wp-content\/uploads\/2009\/01\/macis-reszlet.jpg\"><img decoding=\"async\" loading=\"lazy\" class=\"alignnone size-medium wp-image-774\" title=\"macis-reszlet\" src=\"http:\/\/www.quiltingstudio.hu\/blog\/wp-content\/uploads\/2009\/01\/macis-reszlet-300x240.jpg\" alt=\"r\u00e9szlet1\" width=\"300\" height=\"240\" srcset=\"http:\/\/www.quiltingstudio.hu\/blog\/wp-content\/uploads\/2009\/01\/macis-reszlet-300x240.jpg 300w, http:\/\/www.quiltingstudio.hu\/blog\/wp-content\/uploads\/2009\/01\/macis-reszlet.jpg 800w\" sizes=\"(max-width: 300px) 100vw, 300px\" \/><\/a><\/p>\n<p style=\"clear:both\">\n<p>Ilyen az egyik fajta t\u0171z\u00e9sminta.<\/p>\n<p style=\"clear:both\">\n<p><a href=\"http:\/\/www.quiltingstudio.hu\/blog\/wp-content\/uploads\/2009\/01\/macis-reszlet2.jpg\"><img decoding=\"async\" loading=\"lazy\" class=\"alignnone size-medium wp-image-776\" title=\"macis-reszlet2\" src=\"http:\/\/www.quiltingstudio.hu\/blog\/wp-content\/uploads\/2009\/01\/macis-reszlet2-300x240.jpg\" alt=\"r\u00e9szlet2\" width=\"300\" height=\"240\" srcset=\"http:\/\/www.quiltingstudio.hu\/blog\/wp-content\/uploads\/2009\/01\/macis-reszlet2-300x240.jpg 300w, http:\/\/www.quiltingstudio.hu\/blog\/wp-content\/uploads\/2009\/01\/macis-reszlet2.jpg 800w\" sizes=\"(max-width: 300px) 100vw, 300px\" \/><\/a><\/p>\n<p style=\"clear:both\">\n<p>Ilyen a m\u00e1sik fajta t\u0171z\u00e9sminta.<\/p>\n<p style=\"clear:both\">\n<p><a href=\"http:\/\/www.quiltingstudio.hu\/blog\/wp-content\/uploads\/2009\/01\/macis-reszlet3.jpg\"><img decoding=\"async\" loading=\"lazy\" class=\"alignnone size-medium wp-image-777\" title=\"macis-reszlet3\" src=\"http:\/\/www.quiltingstudio.hu\/blog\/wp-content\/uploads\/2009\/01\/macis-reszlet3-300x168.jpg\" alt=\"r\u00e9szlet3\" width=\"300\" height=\"168\" srcset=\"http:\/\/www.quiltingstudio.hu\/blog\/wp-content\/uploads\/2009\/01\/macis-reszlet3-300x168.jpg 300w, http:\/\/www.quiltingstudio.hu\/blog\/wp-content\/uploads\/2009\/01\/macis-reszlet3.jpg 800w\" sizes=\"(max-width: 300px) 100vw, 300px\" \/><\/a><\/p>\n<p style=\"clear:both\">\n<p>Ez pedig a h\u00e1tulja.<\/p>\n<p>Nekem tetszett a technika, haszn\u00e1lhat\u00f3nak tartom. M\u00e9g az is lehet, hogy csin\u00e1lok m\u00e9g takar\u00f3t \u00edgy&#8230;<\/p>\n<p style=\"clear:both\">\n<p><a href=\"http:\/\/www.mylivesignature.com\" target=\"_blank\"><br \/>\n<\/a><\/p>\n","protected":false},"excerpt":{"rendered":"<p>Ez a tavalyi utols\u00f3 , ill. az idei els\u0151 munk\u00e1m.<\/p>\n","protected":false},"author":1,"featured_media":0,"comment_status":"open","ping_status":"closed","sticky":false,"template":"","format":"standard","meta":[],"categories":[3,4],"tags":[],"aioseo_notices":[],"views":6353,"_links":{"self":[{"href":"http:\/\/www.quiltingstudio.hu\/blog\/index.php?rest_route=\/wp\/v2\/posts\/766"}],"collection":[{"href":"http:\/\/www.quiltingstudio.hu\/blog\/index.php?rest_route=\/wp\/v2\/posts"}],"about":[{"href":"http:\/\/www.quiltingstudio.hu\/blog\/index.php?rest_route=\/wp\/v2\/types\/post"}],"author":[{"embeddable":true,"href":"http:\/\/www.quiltingstudio.hu\/blog\/index.php?rest_route=\/wp\/v2\/users\/1"}],"replies":[{"embeddable":true,"href":"http:\/\/www.quiltingstudio.hu\/blog\/index.php?rest_route=%2Fwp%2Fv2%2Fcomments&post=766"}],"version-history":[{"count":0,"href":"http:\/\/www.quiltingstudio.hu\/blog\/index.php?rest_route=\/wp\/v2\/posts\/766\/revisions"}],"wp:attachment":[{"href":"http:\/\/www.quiltingstudio.hu\/blog\/index.php?rest_route=%2Fwp%2Fv2%2Fmedia&parent=766"}],"wp:term":[{"taxonomy":"category","embeddable":true,"href":"http:\/\/www.quiltingstudio.hu\/blog\/index.php?rest_route=%2Fwp%2Fv2%2Fcategories&post=766"},{"taxonomy":"post_tag","embeddable":true,"href":"http:\/\/www.quiltingstudio.hu\/blog\/index.php?rest_route=%2Fwp%2Fv2%2Ftags&post=766"}],"curies":[{"name":"wp","href":"https:\/\/api.w.org\/{rel}","templated":true}]}}