{"id":770,"date":"2009-01-18T23:17:01","date_gmt":"2009-01-18T21:17:01","guid":{"rendered":"http:\/\/www.quiltingstudio.hu\/blog\/?p=770"},"modified":"2009-01-21T21:15:30","modified_gmt":"2009-01-21T19:15:30","slug":"meglepetes","status":"publish","type":"post","link":"http:\/\/www.quiltingstudio.hu\/blog\/?p=770","title":{"rendered":"Meglepet\u00e9s&#8230;"},"content":{"rendered":"<p><a href=\"http:\/\/www.quiltingstudio.hu\/blog\/wp-content\/uploads\/2009\/01\/arnyektrapunto.jpg\"><img decoding=\"async\" loading=\"lazy\" class=\"alignnone size-medium wp-image-771\" title=\"arnyektrapunto\" src=\"http:\/\/www.quiltingstudio.hu\/blog\/wp-content\/uploads\/2009\/01\/arnyektrapunto-218x300.jpg\" alt=\"trapunto\" width=\"218\" height=\"300\" srcset=\"http:\/\/www.quiltingstudio.hu\/blog\/wp-content\/uploads\/2009\/01\/arnyektrapunto-218x300.jpg 218w, http:\/\/www.quiltingstudio.hu\/blog\/wp-content\/uploads\/2009\/01\/arnyektrapunto.jpg 800w\" sizes=\"(max-width: 218px) 100vw, 218px\" \/><\/a><\/p>\n<p>Kipr\u00f3b\u00e1ltam ezt a technik\u00e1t is, igaz kicsit egyszer\u0171s\u00edtettem rajta. Az els\u0151 varr\u00e1st \u00e9n meg\u00fasztam, mert a h\u00edmz\u0151egys\u00e9ggel varrattam ki. Ehhez a mint\u00e1t is kellett kicsit igaz\u00edtani, de az hamar megvolt. Az eg\u00e9sz kicsit nagyobb, mint egy A4-es lap, amolyan rendhagy\u00f3 k\u00e9peslap.<\/p>\n<p>Arra gondoltam, elk\u00fcld\u00f6m egy ismer\u0151s\u00f6mnek, meglepet\u00e9snek&#8230;;o))) Sejt\u00e9seim szerint olvassa a blogomat, de senki nem tudja ki\u00e9 lesz!!!<\/p>\n<p>UI:A <em>t\u00falm\u00e9retezett<\/em> k\u00e9peslap c\u00e9lba\u00e9rt \u00e9s volt nagy meglepet\u00e9s!:o)))<\/p>\n","protected":false},"excerpt":{"rendered":"<p>Kipr\u00f3b\u00e1ltam ezt a technik\u00e1t is, igaz kicsit egyszer\u0171s\u00edtettem rajta. Az els\u0151 varr\u00e1st \u00e9n meg\u00fasztam, mert a h\u00edmz\u0151egys\u00e9ggel varrattam ki. Ehhez a mint\u00e1t is kellett kicsit igaz\u00edtani, de az hamar megvolt. Az eg\u00e9sz kicsit nagyobb, mint egy A4-es lap, amolyan rendhagy\u00f3 k\u00e9peslap. Arra gondoltam, elk\u00fcld\u00f6m egy ismer\u0151s\u00f6mnek, meglepet\u00e9snek&#8230;;o))) Sejt\u00e9seim szerint olvassa a blogomat, de senki nem [&hellip;]<\/p>\n","protected":false},"author":1,"featured_media":0,"comment_status":"open","ping_status":"closed","sticky":false,"template":"","format":"standard","meta":[],"categories":[3,4],"tags":[],"aioseo_notices":[],"views":2302,"_links":{"self":[{"href":"http:\/\/www.quiltingstudio.hu\/blog\/index.php?rest_route=\/wp\/v2\/posts\/770"}],"collection":[{"href":"http:\/\/www.quiltingstudio.hu\/blog\/index.php?rest_route=\/wp\/v2\/posts"}],"about":[{"href":"http:\/\/www.quiltingstudio.hu\/blog\/index.php?rest_route=\/wp\/v2\/types\/post"}],"author":[{"embeddable":true,"href":"http:\/\/www.quiltingstudio.hu\/blog\/index.php?rest_route=\/wp\/v2\/users\/1"}],"replies":[{"embeddable":true,"href":"http:\/\/www.quiltingstudio.hu\/blog\/index.php?rest_route=%2Fwp%2Fv2%2Fcomments&post=770"}],"version-history":[{"count":0,"href":"http:\/\/www.quiltingstudio.hu\/blog\/index.php?rest_route=\/wp\/v2\/posts\/770\/revisions"}],"wp:attachment":[{"href":"http:\/\/www.quiltingstudio.hu\/blog\/index.php?rest_route=%2Fwp%2Fv2%2Fmedia&parent=770"}],"wp:term":[{"taxonomy":"category","embeddable":true,"href":"http:\/\/www.quiltingstudio.hu\/blog\/index.php?rest_route=%2Fwp%2Fv2%2Fcategories&post=770"},{"taxonomy":"post_tag","embeddable":true,"href":"http:\/\/www.quiltingstudio.hu\/blog\/index.php?rest_route=%2Fwp%2Fv2%2Ftags&post=770"}],"curies":[{"name":"wp","href":"https:\/\/api.w.org\/{rel}","templated":true}]}}