{"id":772,"date":"2009-01-19T21:06:35","date_gmt":"2009-01-19T19:06:35","guid":{"rendered":"http:\/\/www.quiltingstudio.hu\/blog\/?p=772"},"modified":"2009-01-20T21:00:14","modified_gmt":"2009-01-20T19:00:14","slug":"sunbonnetsue","status":"publish","type":"post","link":"http:\/\/www.quiltingstudio.hu\/blog\/?p=772","title":{"rendered":"Sunbonnetsue&#8230;"},"content":{"rendered":"<p>Azt \u00e1lmodtam meg, hogy milyen j\u00f3 lenne egy k\u00e9pet k\u00e9sz\u00edteni h\u00edmzett Sunbonnetsue mint\u00e1kb\u00f3l. Van minden h\u00f3napra egy b\u00e1jos kis minta, havonta egyet kih\u00edmezni nem is olyan nagy dolog. K\u00fcl\u00f6nb\u00f6z\u0151 feh\u00e9r vagy b\u00e9zs alapra gondoltam. Id\u0151vel majd csak kialakul valami terv az \u00f6ssze\u00e1ll\u00edt\u00e1s\u00e1ra.<\/p>\n<p>M\u00e1r neki is l\u00e1ttam.<\/p>\n<p>\u0150 a <em>Miss Januar<\/em> :<\/p>\n<p><a href=\"http:\/\/www.quiltingstudio.hu\/blog\/wp-content\/uploads\/2009\/01\/sbs-jan.jpg\"><img decoding=\"async\" loading=\"lazy\" class=\"alignnone size-medium wp-image-773\" title=\"sbs-jan\" src=\"http:\/\/www.quiltingstudio.hu\/blog\/wp-content\/uploads\/2009\/01\/sbs-jan-199x300.jpg\" alt=\"sunbonnetsue\" width=\"199\" height=\"300\" srcset=\"http:\/\/www.quiltingstudio.hu\/blog\/wp-content\/uploads\/2009\/01\/sbs-jan-199x300.jpg 199w, http:\/\/www.quiltingstudio.hu\/blog\/wp-content\/uploads\/2009\/01\/sbs-jan.jpg 799w\" sizes=\"(max-width: 199px) 100vw, 199px\" \/><\/a><\/p>\n<p><!--more--><\/p>\n<p>Olyan k\u00f3sza \u00f6tletem is volt, hogy ha valaki szeretne velem tartani \u00e9s nincs meg neki a minta sz\u00edvesen elk\u00fcld\u00f6m. De miut\u00e1n kih\u00edmeztem ezt, m\u00e1r nem voltam teljesen megel\u00e9gedve a min\u0151s\u00e9g\u00e9vel. Valami\u00e9rt \u00fagy \u00e9rzem, nem t\u00f6k\u00e9letes. Na, \u00e9n az\u00e9rt folytatom \u00e9s nem sok\u00e1ra j\u00f6n a kis <em>Miss Februar<\/em>&#8230;<\/p>\n<p style=\"clear:both\">\n<p>Kedvcsin\u00e1l\u00f3nak,\u00a0\u0151 lesz a k\u00f6vetkez\u0151:<\/p>\n<p style=\"clear:both\">\n<p><a href=\"http:\/\/www.quiltingstudio.hu\/blog\/wp-content\/uploads\/2009\/01\/sbs-januar1.jpg\"><img decoding=\"async\" loading=\"lazy\" class=\"alignnone size-medium wp-image-782\" title=\"sbs-februar\" src=\"http:\/\/www.quiltingstudio.hu\/blog\/wp-content\/uploads\/2009\/01\/sbs-januar1-255x300.jpg\" alt=\"SBS febru\u00e1r\" width=\"255\" height=\"300\" srcset=\"http:\/\/www.quiltingstudio.hu\/blog\/wp-content\/uploads\/2009\/01\/sbs-januar1-255x300.jpg 255w, http:\/\/www.quiltingstudio.hu\/blog\/wp-content\/uploads\/2009\/01\/sbs-januar1.jpg 429w\" sizes=\"(max-width: 255px) 100vw, 255px\" \/><\/a><\/p>\n","protected":false},"excerpt":{"rendered":"<p>Azt \u00e1lmodtam meg, hogy milyen j\u00f3 lenne egy k\u00e9pet k\u00e9sz\u00edteni h\u00edmzett Sunbonnetsue mint\u00e1kb\u00f3l. Van minden h\u00f3napra egy b\u00e1jos kis minta, havonta egyet kih\u00edmezni nem is olyan nagy dolog. K\u00fcl\u00f6nb\u00f6z\u0151 feh\u00e9r vagy b\u00e9zs alapra gondoltam. Id\u0151vel majd csak kialakul valami terv az \u00f6ssze\u00e1ll\u00edt\u00e1s\u00e1ra. M\u00e1r neki is l\u00e1ttam. \u0150 a Miss Januar :<\/p>\n","protected":false},"author":1,"featured_media":0,"comment_status":"open","ping_status":"closed","sticky":false,"template":"","format":"standard","meta":[],"categories":[4],"tags":[],"aioseo_notices":[],"views":3595,"_links":{"self":[{"href":"http:\/\/www.quiltingstudio.hu\/blog\/index.php?rest_route=\/wp\/v2\/posts\/772"}],"collection":[{"href":"http:\/\/www.quiltingstudio.hu\/blog\/index.php?rest_route=\/wp\/v2\/posts"}],"about":[{"href":"http:\/\/www.quiltingstudio.hu\/blog\/index.php?rest_route=\/wp\/v2\/types\/post"}],"author":[{"embeddable":true,"href":"http:\/\/www.quiltingstudio.hu\/blog\/index.php?rest_route=\/wp\/v2\/users\/1"}],"replies":[{"embeddable":true,"href":"http:\/\/www.quiltingstudio.hu\/blog\/index.php?rest_route=%2Fwp%2Fv2%2Fcomments&post=772"}],"version-history":[{"count":0,"href":"http:\/\/www.quiltingstudio.hu\/blog\/index.php?rest_route=\/wp\/v2\/posts\/772\/revisions"}],"wp:attachment":[{"href":"http:\/\/www.quiltingstudio.hu\/blog\/index.php?rest_route=%2Fwp%2Fv2%2Fmedia&parent=772"}],"wp:term":[{"taxonomy":"category","embeddable":true,"href":"http:\/\/www.quiltingstudio.hu\/blog\/index.php?rest_route=%2Fwp%2Fv2%2Fcategories&post=772"},{"taxonomy":"post_tag","embeddable":true,"href":"http:\/\/www.quiltingstudio.hu\/blog\/index.php?rest_route=%2Fwp%2Fv2%2Ftags&post=772"}],"curies":[{"name":"wp","href":"https:\/\/api.w.org\/{rel}","templated":true}]}}