{"id":85,"date":"2007-11-05T12:01:05","date_gmt":"2007-11-05T10:01:05","guid":{"rendered":"http:\/\/www.quiltingstudio.hu\/blog\/?p=85"},"modified":"2008-09-28T18:16:40","modified_gmt":"2008-09-28T16:16:40","slug":"nagytappancs","status":"publish","type":"post","link":"http:\/\/www.quiltingstudio.hu\/blog\/?p=85","title":{"rendered":"Nagytappancs"},"content":{"rendered":"<p><a title=\"img_6515_720.jpg\" rel=\"attachment wp-att-86\" href=\"http:\/\/www.quiltingstudio.hu\/blog\/?attachment_id=86\"><img decoding=\"async\" loading=\"lazy\" src=\"http:\/\/www.quiltingstudio.hu\/blog\/wp-content\/uploads\/2007\/11\/img_6515_720.jpg\" alt=\"img_6515_720.jpg\" width=\"425\" height=\"363\" \/><\/a><\/p>\n<p>M\u00e1r a f\u00f3rumon bemutattam \u0151t, de most itt egy sokkal jobb k\u00e9p r\u00f3la.  A neten  b\u00f6ng\u00e9szgettem, mikor valahol<\/p>\n<p>r\u00e1tal\u00e1ltam \u00e9s egyb\u0151l meg is varrtam. Terveim k\u00f6zt szerepel, hogy lesz m\u00e9g t\u00e1rsa is, hogy ne legyen egyed\u00fcl.<\/p>\n<p>Mivel egyre t\u00f6bben \u00e9rdekl\u0151dtek a szab\u00e1smint\u00e1ja ut\u00e1n, felteszem ide:<\/p>\n<p><a href=\"http:\/\/www.quiltingstudio.hu\/blog\/wp-content\/uploads\/2008\/09\/Nagytappancs.pdf\" target=\"_blank\">Nagytappancs szab\u00e1smint\u00e1ja<\/a><\/p>\n<p>N\u00e9h\u00e1ny sz\u00f3 seg\u00edts\u00e9g\u00fcl az eligazod\u00e1shoz:<\/p>\n<p>-a testet 2x szabjuk ki, alul hagyjuk nyitva<\/p>\n<p>-a fejet 2x szabjuk, \u00e9n alul hagytam egy akkora has\u00edt\u00e9kot, ahol a test belef\u00e9r. F\u00fcleket a fej kit\u00f6m\u00e9se ut\u00e1n t\u0171ztem le, azaz v\u00e1lasztottam el a fejt\u0151l.<\/p>\n<p>-a tappancsot 4x szabjuk, teljesen k\u00f6rbevarrjuk, a 2 szaggatott vonal jelzi a test illeszt\u00e9si hely\u00e9t.<\/p>\n<p>-a fark\u00e1nak a szab\u00e1smint\u00e1j\u00e1t \u00f6sszeragasztjuk, \u00fagy szabjuk. K\u00f6z\u00e9pen hagyunk egy ny\u00edl\u00e1st, ahol kiford\u00edtjuk.<\/p>\n<p>-a fejhez \u00e9s a testhez +j\u00f6n a r\u00e1hagy\u00e1s, a t\u00f6bbi tartalmazza.<\/p>\n<p>sok sikert!<\/p>\n","protected":false},"excerpt":{"rendered":"<p>M\u00e1r a f\u00f3rumon bemutattam \u0151t, de most itt egy sokkal jobb k\u00e9p r\u00f3la. A neten b\u00f6ng\u00e9szgettem, mikor valahol r\u00e1tal\u00e1ltam \u00e9s egyb\u0151l meg is varrtam. Terveim k\u00f6zt szerepel, hogy lesz m\u00e9g t\u00e1rsa is, hogy ne legyen egyed\u00fcl. Mivel egyre t\u00f6bben \u00e9rdekl\u0151dtek a szab\u00e1smint\u00e1ja ut\u00e1n, felteszem ide: Nagytappancs szab\u00e1smint\u00e1ja N\u00e9h\u00e1ny sz\u00f3 seg\u00edts\u00e9g\u00fcl az eligazod\u00e1shoz: -a testet 2x [&hellip;]<\/p>\n","protected":false},"author":1,"featured_media":0,"comment_status":"open","ping_status":"closed","sticky":false,"template":"","format":"standard","meta":[],"categories":[5],"tags":[],"aioseo_notices":[],"views":4046,"_links":{"self":[{"href":"http:\/\/www.quiltingstudio.hu\/blog\/index.php?rest_route=\/wp\/v2\/posts\/85"}],"collection":[{"href":"http:\/\/www.quiltingstudio.hu\/blog\/index.php?rest_route=\/wp\/v2\/posts"}],"about":[{"href":"http:\/\/www.quiltingstudio.hu\/blog\/index.php?rest_route=\/wp\/v2\/types\/post"}],"author":[{"embeddable":true,"href":"http:\/\/www.quiltingstudio.hu\/blog\/index.php?rest_route=\/wp\/v2\/users\/1"}],"replies":[{"embeddable":true,"href":"http:\/\/www.quiltingstudio.hu\/blog\/index.php?rest_route=%2Fwp%2Fv2%2Fcomments&post=85"}],"version-history":[{"count":0,"href":"http:\/\/www.quiltingstudio.hu\/blog\/index.php?rest_route=\/wp\/v2\/posts\/85\/revisions"}],"wp:attachment":[{"href":"http:\/\/www.quiltingstudio.hu\/blog\/index.php?rest_route=%2Fwp%2Fv2%2Fmedia&parent=85"}],"wp:term":[{"taxonomy":"category","embeddable":true,"href":"http:\/\/www.quiltingstudio.hu\/blog\/index.php?rest_route=%2Fwp%2Fv2%2Fcategories&post=85"},{"taxonomy":"post_tag","embeddable":true,"href":"http:\/\/www.quiltingstudio.hu\/blog\/index.php?rest_route=%2Fwp%2Fv2%2Ftags&post=85"}],"curies":[{"name":"wp","href":"https:\/\/api.w.org\/{rel}","templated":true}]}}