{"id":858,"date":"2009-03-20T10:20:51","date_gmt":"2009-03-20T08:20:51","guid":{"rendered":"http:\/\/www.quiltingstudio.hu\/blog\/?p=858"},"modified":"2009-03-20T10:20:51","modified_gmt":"2009-03-20T08:20:51","slug":"piszkozat-2","status":"publish","type":"post","link":"http:\/\/www.quiltingstudio.hu\/blog\/?p=858","title":{"rendered":"Piszkozat 2&#8230;"},"content":{"rendered":"<p><a href=\"http:\/\/www.quiltingstudio.hu\/blog\/wp-content\/uploads\/2009\/03\/lira2.jpg\"><img decoding=\"async\" loading=\"lazy\" class=\"alignnone size-medium wp-image-859\" title=\"lira2\" src=\"http:\/\/www.quiltingstudio.hu\/blog\/wp-content\/uploads\/2009\/03\/lira2-267x300.jpg\" alt=\"l\u00edra \" width=\"267\" height=\"300\" srcset=\"http:\/\/www.quiltingstudio.hu\/blog\/wp-content\/uploads\/2009\/03\/lira2-267x300.jpg 267w, http:\/\/www.quiltingstudio.hu\/blog\/wp-content\/uploads\/2009\/03\/lira2.jpg 838w\" sizes=\"(max-width: 267px) 100vw, 267px\" \/><\/a><\/p>\n<p>Egy \u00fajabb pr\u00f3b\u00e1lkoz\u00e1s. Nincs elk\u00e9pzel\u00e9sem sem, mi lesz ebb\u0151l, egyszer\u0171en csak tetszik \u00e9s \u00e9lvezet ezeket k\u00e9sz\u00edteni.<\/p>\n<p><em>(az\u00e9rt t\u0171nik ilyen hull\u00e1mosnak, mert ez g\u00e9pi trapunto, m\u00e1sr\u00e9szt \u00fagy szkenneltem be) <\/em><\/p>\n","protected":false},"excerpt":{"rendered":"<p>Egy \u00fajabb pr\u00f3b\u00e1lkoz\u00e1s. Nincs elk\u00e9pzel\u00e9sem sem, mi lesz ebb\u0151l, egyszer\u0171en csak tetszik \u00e9s \u00e9lvezet ezeket k\u00e9sz\u00edteni. (az\u00e9rt t\u0171nik ilyen hull\u00e1mosnak, mert ez g\u00e9pi trapunto, m\u00e1sr\u00e9szt \u00fagy szkenneltem be)<\/p>\n","protected":false},"author":1,"featured_media":0,"comment_status":"open","ping_status":"closed","sticky":false,"template":"","format":"standard","meta":[],"categories":[3],"tags":[],"aioseo_notices":[],"views":2168,"_links":{"self":[{"href":"http:\/\/www.quiltingstudio.hu\/blog\/index.php?rest_route=\/wp\/v2\/posts\/858"}],"collection":[{"href":"http:\/\/www.quiltingstudio.hu\/blog\/index.php?rest_route=\/wp\/v2\/posts"}],"about":[{"href":"http:\/\/www.quiltingstudio.hu\/blog\/index.php?rest_route=\/wp\/v2\/types\/post"}],"author":[{"embeddable":true,"href":"http:\/\/www.quiltingstudio.hu\/blog\/index.php?rest_route=\/wp\/v2\/users\/1"}],"replies":[{"embeddable":true,"href":"http:\/\/www.quiltingstudio.hu\/blog\/index.php?rest_route=%2Fwp%2Fv2%2Fcomments&post=858"}],"version-history":[{"count":0,"href":"http:\/\/www.quiltingstudio.hu\/blog\/index.php?rest_route=\/wp\/v2\/posts\/858\/revisions"}],"wp:attachment":[{"href":"http:\/\/www.quiltingstudio.hu\/blog\/index.php?rest_route=%2Fwp%2Fv2%2Fmedia&parent=858"}],"wp:term":[{"taxonomy":"category","embeddable":true,"href":"http:\/\/www.quiltingstudio.hu\/blog\/index.php?rest_route=%2Fwp%2Fv2%2Fcategories&post=858"},{"taxonomy":"post_tag","embeddable":true,"href":"http:\/\/www.quiltingstudio.hu\/blog\/index.php?rest_route=%2Fwp%2Fv2%2Ftags&post=858"}],"curies":[{"name":"wp","href":"https:\/\/api.w.org\/{rel}","templated":true}]}}