{"id":860,"date":"2009-03-20T20:56:32","date_gmt":"2009-03-20T18:56:32","guid":{"rendered":"http:\/\/www.quiltingstudio.hu\/blog\/?p=860"},"modified":"2009-03-20T20:56:32","modified_gmt":"2009-03-20T18:56:32","slug":"piszkozat-3","status":"publish","type":"post","link":"http:\/\/www.quiltingstudio.hu\/blog\/?p=860","title":{"rendered":"Piszkozat 3&#8230;"},"content":{"rendered":"<p><a href=\"http:\/\/www.quiltingstudio.hu\/blog\/wp-content\/uploads\/2009\/03\/hegedu.jpg\"><img decoding=\"async\" loading=\"lazy\" class=\"alignnone size-medium wp-image-861\" title=\"hegedu\" src=\"http:\/\/www.quiltingstudio.hu\/blog\/wp-content\/uploads\/2009\/03\/hegedu-300x290.jpg\" alt=\"heged\u0171\" width=\"300\" height=\"290\" srcset=\"http:\/\/www.quiltingstudio.hu\/blog\/wp-content\/uploads\/2009\/03\/hegedu-300x290.jpg 300w, http:\/\/www.quiltingstudio.hu\/blog\/wp-content\/uploads\/2009\/03\/hegedu.jpg 802w\" sizes=\"(max-width: 300px) 100vw, 300px\" \/><\/a><\/p>\n<p><em>Sok szeretettel Violininek!<\/em><\/p>\n<p>Ezt m\u00e9g meg kellett varrni, azt\u00e1n abbahagyom a j\u00e1t\u00e9kot.<\/p>\n<p>(ezt a betegs\u00e9get bels\u0151 k\u00e9nyszernek h\u00edvj\u00e1k!)<\/p>\n<p>Van m\u00e9g n\u00e9h\u00e1ny h\u00e1zifeladatom.:o(((<\/p>\n<p>Azt\u00e1n folytatom valami m\u00e1ssal.<\/p>\n","protected":false},"excerpt":{"rendered":"<p>Sok szeretettel Violininek! Ezt m\u00e9g meg kellett varrni, azt\u00e1n abbahagyom a j\u00e1t\u00e9kot. (ezt a betegs\u00e9get bels\u0151 k\u00e9nyszernek h\u00edvj\u00e1k!) Van m\u00e9g n\u00e9h\u00e1ny h\u00e1zifeladatom.:o((( Azt\u00e1n folytatom valami m\u00e1ssal.<\/p>\n","protected":false},"author":1,"featured_media":0,"comment_status":"open","ping_status":"closed","sticky":false,"template":"","format":"standard","meta":[],"categories":[3],"tags":[],"aioseo_notices":[],"views":1908,"_links":{"self":[{"href":"http:\/\/www.quiltingstudio.hu\/blog\/index.php?rest_route=\/wp\/v2\/posts\/860"}],"collection":[{"href":"http:\/\/www.quiltingstudio.hu\/blog\/index.php?rest_route=\/wp\/v2\/posts"}],"about":[{"href":"http:\/\/www.quiltingstudio.hu\/blog\/index.php?rest_route=\/wp\/v2\/types\/post"}],"author":[{"embeddable":true,"href":"http:\/\/www.quiltingstudio.hu\/blog\/index.php?rest_route=\/wp\/v2\/users\/1"}],"replies":[{"embeddable":true,"href":"http:\/\/www.quiltingstudio.hu\/blog\/index.php?rest_route=%2Fwp%2Fv2%2Fcomments&post=860"}],"version-history":[{"count":0,"href":"http:\/\/www.quiltingstudio.hu\/blog\/index.php?rest_route=\/wp\/v2\/posts\/860\/revisions"}],"wp:attachment":[{"href":"http:\/\/www.quiltingstudio.hu\/blog\/index.php?rest_route=%2Fwp%2Fv2%2Fmedia&parent=860"}],"wp:term":[{"taxonomy":"category","embeddable":true,"href":"http:\/\/www.quiltingstudio.hu\/blog\/index.php?rest_route=%2Fwp%2Fv2%2Fcategories&post=860"},{"taxonomy":"post_tag","embeddable":true,"href":"http:\/\/www.quiltingstudio.hu\/blog\/index.php?rest_route=%2Fwp%2Fv2%2Ftags&post=860"}],"curies":[{"name":"wp","href":"https:\/\/api.w.org\/{rel}","templated":true}]}}