{"id":862,"date":"2009-03-21T17:40:50","date_gmt":"2009-03-21T15:40:50","guid":{"rendered":"http:\/\/www.quiltingstudio.hu\/blog\/?p=862"},"modified":"2009-03-21T17:40:50","modified_gmt":"2009-03-21T15:40:50","slug":"hegedu-de-maskepp","status":"publish","type":"post","link":"http:\/\/www.quiltingstudio.hu\/blog\/?p=862","title":{"rendered":"Heged\u0171, de m\u00e1sk\u00e9pp&#8230;"},"content":{"rendered":"<p>M\u00e9g mindig a zene t\u00e9m\u00e1n\u00e1l tartok, de miut\u00e1n m\u00e1r kicsit begyakoroltam ezt a technik\u00e1t, \u00e9pp ideje volt v\u00e1ltoztatni rajta.<\/p>\n<p>Pl. \u00edgy:<\/p>\n<p><a href=\"http:\/\/www.quiltingstudio.hu\/blog\/wp-content\/uploads\/2009\/03\/hegedu-mashogy2.jpg\"><img decoding=\"async\" loading=\"lazy\" class=\"alignnone size-medium wp-image-864\" title=\"hegedu-mashogy2\" src=\"http:\/\/www.quiltingstudio.hu\/blog\/wp-content\/uploads\/2009\/03\/hegedu-mashogy2-300x233.jpg\" alt=\"heged\u0171 m\u00e1sk\u00e9pp\" width=\"300\" height=\"233\" srcset=\"http:\/\/www.quiltingstudio.hu\/blog\/wp-content\/uploads\/2009\/03\/hegedu-mashogy2-300x233.jpg 300w, http:\/\/www.quiltingstudio.hu\/blog\/wp-content\/uploads\/2009\/03\/hegedu-mashogy2.jpg 801w\" sizes=\"(max-width: 300px) 100vw, 300px\" \/><\/a><\/p>\n<p><!--more--><\/p>\n<p>A k\u00e9sz m\u00e9rete kb. A\/4-es, pontosabban: 24 x 31 cm. A v\u00e1ltoztat\u00e1s az el\u0151z\u0151ekhez k\u00e9pest, hogy nem feket\u00e9vel varrtam, hanem s\u00f6t\u00e9t rozsdabarn\u00e1val. \u00cdgy nincs akkora kontraszt. Ill.\u00a0haszn\u00e1ltam egy m\u00e1sik sz\u00edn\u0171 c\u00e9rn\u00e1t is, s\u00e1rga-narancs mel\u00edrozottat. H\u00e1t\u00e9r ugyanaz a saj\u00e1t festett anyag. \u00c9s a l\u00e9nyeg, a d\u00edsz\u00edt\u00e9s. ( nem tudom minek h\u00edvj\u00e1k ezeket&#8230;)<\/p>\n<p><em><strong>Limited edition! :o))))<\/strong><\/em><\/p>\n<p>\u00c9s egy k\u00e9p a kezdetek kezdet\u00e9r\u0151l. \u00cdgy indul, azt\u00e1n sz\u00e9pen menetk\u00f6zben kialakul.<\/p>\n<p><a href=\"http:\/\/www.quiltingstudio.hu\/blog\/wp-content\/uploads\/2009\/03\/hegedu-mashogy.jpg\"><img decoding=\"async\" loading=\"lazy\" class=\"alignnone size-medium wp-image-863\" title=\"hegedu-mashogy\" src=\"http:\/\/www.quiltingstudio.hu\/blog\/wp-content\/uploads\/2009\/03\/hegedu-mashogy-300x219.jpg\" alt=\"kezdet\" width=\"300\" height=\"219\" srcset=\"http:\/\/www.quiltingstudio.hu\/blog\/wp-content\/uploads\/2009\/03\/hegedu-mashogy-300x219.jpg 300w, http:\/\/www.quiltingstudio.hu\/blog\/wp-content\/uploads\/2009\/03\/hegedu-mashogy.jpg 801w\" sizes=\"(max-width: 300px) 100vw, 300px\" \/><\/a><\/p>\n<p>\u00a0<\/p>\n<p>\u00a0<\/p>\n","protected":false},"excerpt":{"rendered":"<p>M\u00e9g mindig a zene t\u00e9m\u00e1n\u00e1l tartok, de miut\u00e1n m\u00e1r kicsit begyakoroltam ezt a technik\u00e1t, \u00e9pp ideje volt v\u00e1ltoztatni rajta. Pl. \u00edgy:<\/p>\n","protected":false},"author":1,"featured_media":0,"comment_status":"open","ping_status":"closed","sticky":false,"template":"","format":"standard","meta":[],"categories":[3],"tags":[],"aioseo_notices":[],"views":3101,"_links":{"self":[{"href":"http:\/\/www.quiltingstudio.hu\/blog\/index.php?rest_route=\/wp\/v2\/posts\/862"}],"collection":[{"href":"http:\/\/www.quiltingstudio.hu\/blog\/index.php?rest_route=\/wp\/v2\/posts"}],"about":[{"href":"http:\/\/www.quiltingstudio.hu\/blog\/index.php?rest_route=\/wp\/v2\/types\/post"}],"author":[{"embeddable":true,"href":"http:\/\/www.quiltingstudio.hu\/blog\/index.php?rest_route=\/wp\/v2\/users\/1"}],"replies":[{"embeddable":true,"href":"http:\/\/www.quiltingstudio.hu\/blog\/index.php?rest_route=%2Fwp%2Fv2%2Fcomments&post=862"}],"version-history":[{"count":0,"href":"http:\/\/www.quiltingstudio.hu\/blog\/index.php?rest_route=\/wp\/v2\/posts\/862\/revisions"}],"wp:attachment":[{"href":"http:\/\/www.quiltingstudio.hu\/blog\/index.php?rest_route=%2Fwp%2Fv2%2Fmedia&parent=862"}],"wp:term":[{"taxonomy":"category","embeddable":true,"href":"http:\/\/www.quiltingstudio.hu\/blog\/index.php?rest_route=%2Fwp%2Fv2%2Fcategories&post=862"},{"taxonomy":"post_tag","embeddable":true,"href":"http:\/\/www.quiltingstudio.hu\/blog\/index.php?rest_route=%2Fwp%2Fv2%2Ftags&post=862"}],"curies":[{"name":"wp","href":"https:\/\/api.w.org\/{rel}","templated":true}]}}