{"id":866,"date":"2009-03-22T17:50:45","date_gmt":"2009-03-22T15:50:45","guid":{"rendered":"http:\/\/www.quiltingstudio.hu\/blog\/?p=866"},"modified":"2009-03-22T17:51:18","modified_gmt":"2009-03-22T15:51:18","slug":"meg-mindig-zene","status":"publish","type":"post","link":"http:\/\/www.quiltingstudio.hu\/blog\/?p=866","title":{"rendered":"M\u00e9g mindig ZENE&#8230;"},"content":{"rendered":"<p><a href=\"http:\/\/www.quiltingstudio.hu\/blog\/wp-content\/uploads\/2009\/03\/zenes-blokkok.jpg\"><\/a>Mi lenne, ha nem csak &#8216;rajzoln\u00e1m&#8217; a mint\u00e1t?<\/p>\n<p>Kipr\u00f3b\u00e1ltam,<\/p>\n<p>ez:<\/p>\n<p><a href=\"http:\/\/www.quiltingstudio.hu\/blog\/wp-content\/uploads\/2009\/03\/kongak.jpg\"><img decoding=\"async\" loading=\"lazy\" class=\"alignnone size-medium wp-image-865\" title=\"kongak\" src=\"http:\/\/www.quiltingstudio.hu\/blog\/wp-content\/uploads\/2009\/03\/kongak-300x275.jpg\" alt=\"kong\u00e1k\" width=\"300\" height=\"275\" srcset=\"http:\/\/www.quiltingstudio.hu\/blog\/wp-content\/uploads\/2009\/03\/kongak-300x275.jpg 300w, http:\/\/www.quiltingstudio.hu\/blog\/wp-content\/uploads\/2009\/03\/kongak.jpg 801w\" sizes=\"(max-width: 300px) 100vw, 300px\" \/><\/a><\/p>\n<p>Olyan hangulatos lett!<\/p>\n<p>A\u00a0dobokhoz egy s\u00f6t\u00e9tebb barna anyagot v\u00e1lasztottam, amit\u00a0 k\u00e9toldalas ragaszt\u00f3val r\u00f6gz\u00edtettem a hely\u00e9re. Azut\u00e1n k\u00f6vetkezett az alkot\u00e1s. <em>Meg vagyok vele el\u00e9gedve!<\/em> A quilt-ecske m\u00e9rete : 21 x 21 cm.<\/p>\n<p><!--more--><\/p>\n<p>Teh\u00e1t er\u0151sen <strong>mini<\/strong>! Fel\u00fcl mindig g\u00e9pit\u0171z\u0151 c\u00e9rn\u00e1t haszn\u00e1lok, alul csak sz\u00ednben hasonl\u00f3 varr\u00f3c\u00e9rn\u00e1t. A t\u0171z\u00e9shez (pl. k\u00f6rben a stippling) m\u00e1r g\u00e9pi h\u00edmz\u00e9shez haszn\u00e1latos als\u00f3sz\u00e1lat.<\/p>\n<p>Lassan m\u00e1r egy eg\u00e9sz kollekci\u00f3m lesz!!<\/p>\n<p><a href=\"http:\/\/www.quiltingstudio.hu\/blog\/wp-content\/uploads\/2009\/03\/zenes-blokkok.jpg\"><img decoding=\"async\" loading=\"lazy\" class=\"alignnone size-medium wp-image-867\" title=\"zenes-blokkok\" src=\"http:\/\/www.quiltingstudio.hu\/blog\/wp-content\/uploads\/2009\/03\/zenes-blokkok-300x175.jpg\" alt=\"kedvencek\" width=\"300\" height=\"175\" srcset=\"http:\/\/www.quiltingstudio.hu\/blog\/wp-content\/uploads\/2009\/03\/zenes-blokkok-300x175.jpg 300w, http:\/\/www.quiltingstudio.hu\/blog\/wp-content\/uploads\/2009\/03\/zenes-blokkok.jpg 801w\" sizes=\"(max-width: 300px) 100vw, 300px\" \/><\/a><\/p>\n<p>\u00a0<\/p>\n","protected":false},"excerpt":{"rendered":"<p>Mi lenne, ha nem csak &#8216;rajzoln\u00e1m&#8217; a mint\u00e1t? Kipr\u00f3b\u00e1ltam, ez: Olyan hangulatos lett! A\u00a0dobokhoz egy s\u00f6t\u00e9tebb barna anyagot v\u00e1lasztottam, amit\u00a0 k\u00e9toldalas ragaszt\u00f3val r\u00f6gz\u00edtettem a hely\u00e9re. Azut\u00e1n k\u00f6vetkezett az alkot\u00e1s. Meg vagyok vele el\u00e9gedve! A quilt-ecske m\u00e9rete : 21 x 21 cm.<\/p>\n","protected":false},"author":1,"featured_media":0,"comment_status":"open","ping_status":"closed","sticky":false,"template":"","format":"standard","meta":[],"categories":[3],"tags":[],"aioseo_notices":[],"views":2280,"_links":{"self":[{"href":"http:\/\/www.quiltingstudio.hu\/blog\/index.php?rest_route=\/wp\/v2\/posts\/866"}],"collection":[{"href":"http:\/\/www.quiltingstudio.hu\/blog\/index.php?rest_route=\/wp\/v2\/posts"}],"about":[{"href":"http:\/\/www.quiltingstudio.hu\/blog\/index.php?rest_route=\/wp\/v2\/types\/post"}],"author":[{"embeddable":true,"href":"http:\/\/www.quiltingstudio.hu\/blog\/index.php?rest_route=\/wp\/v2\/users\/1"}],"replies":[{"embeddable":true,"href":"http:\/\/www.quiltingstudio.hu\/blog\/index.php?rest_route=%2Fwp%2Fv2%2Fcomments&post=866"}],"version-history":[{"count":0,"href":"http:\/\/www.quiltingstudio.hu\/blog\/index.php?rest_route=\/wp\/v2\/posts\/866\/revisions"}],"wp:attachment":[{"href":"http:\/\/www.quiltingstudio.hu\/blog\/index.php?rest_route=%2Fwp%2Fv2%2Fmedia&parent=866"}],"wp:term":[{"taxonomy":"category","embeddable":true,"href":"http:\/\/www.quiltingstudio.hu\/blog\/index.php?rest_route=%2Fwp%2Fv2%2Fcategories&post=866"},{"taxonomy":"post_tag","embeddable":true,"href":"http:\/\/www.quiltingstudio.hu\/blog\/index.php?rest_route=%2Fwp%2Fv2%2Ftags&post=866"}],"curies":[{"name":"wp","href":"https:\/\/api.w.org\/{rel}","templated":true}]}}