{"id":878,"date":"2009-04-28T09:22:39","date_gmt":"2009-04-28T07:22:39","guid":{"rendered":"http:\/\/www.quiltingstudio.hu\/blog\/?p=878"},"modified":"2009-04-28T09:22:39","modified_gmt":"2009-04-28T07:22:39","slug":"kedveceim-viragaim","status":"publish","type":"post","link":"http:\/\/www.quiltingstudio.hu\/blog\/?p=878","title":{"rendered":"Kedveceim, vir\u00e1gaim&#8230;"},"content":{"rendered":"<p><a href=\"http:\/\/www.quiltingstudio.hu\/blog\/wp-content\/uploads\/2009\/04\/ibolya1.jpg\"><img decoding=\"async\" loading=\"lazy\" class=\"alignnone size-medium wp-image-877\" title=\"ibolya1\" src=\"http:\/\/www.quiltingstudio.hu\/blog\/wp-content\/uploads\/2009\/04\/ibolya1-225x300.jpg\" alt=\"fokf\u00f6ldi ibolya\" width=\"225\" height=\"300\" srcset=\"http:\/\/www.quiltingstudio.hu\/blog\/wp-content\/uploads\/2009\/04\/ibolya1-225x300.jpg 225w, http:\/\/www.quiltingstudio.hu\/blog\/wp-content\/uploads\/2009\/04\/ibolya1.jpg 788w\" sizes=\"(max-width: 225px) 100vw, 225px\" \/><\/a><\/p>\n<p style=\"clear:both\">Ez most csak n\u00e9h\u00e1ny fokf\u00f6ldi ibolya, a teljess\u00e9g ig\u00e9nye n\u00e9lk\u00fcl! (Egyszer lehet sorbarakom \u00e1rnylatok szerint :o))) Az id\u00e9n nagyon el\u00e9gedett vagyok\u00a0az iboly\u00e1kkal. Szerintem gy\u00f6ny\u00f6r\u0171ek \u00e9s csak \u00fagy ontj\u00e1k a vir\u00e1gokat.\u00a0<\/p>\n<p style=\"clear:both\"><!--more--><\/p>\n<p style=\"clear:both\"><a href=\"http:\/\/www.quiltingstudio.hu\/blog\/wp-content\/uploads\/2009\/04\/ibolya2.jpg\"><img decoding=\"async\" loading=\"lazy\" class=\"alignnone size-medium wp-image-879\" title=\"ibolya2\" src=\"http:\/\/www.quiltingstudio.hu\/blog\/wp-content\/uploads\/2009\/04\/ibolya2-244x300.jpg\" alt=\"fokf\u00f6ldi ibolya \" width=\"244\" height=\"300\" srcset=\"http:\/\/www.quiltingstudio.hu\/blog\/wp-content\/uploads\/2009\/04\/ibolya2-244x300.jpg 244w, http:\/\/www.quiltingstudio.hu\/blog\/wp-content\/uploads\/2009\/04\/ibolya2.jpg 804w\" sizes=\"(max-width: 244px) 100vw, 244px\" \/><\/a><\/p>\n<p style=\"clear:both\">Tavaly \u0151sszel b\u00fajtottam n\u00e9h\u00e1ny levelet \u00e9s most m\u00e1r &#8222;kifolynak &#8221; a cser\u00e9pb\u0151l, \u00fagy n\u0151nek. Egyetlen egy sz\u00edn\u00a0&#8211; feh\u00e9r &#8211; nincs m\u00e9g. Illetve van egy kis huncut, ami m\u00e9g nem ny\u00edlt ki \u00e9s esetleg &#8230; tal\u00e1n&#8230;az lesz.<\/p>\n<p style=\"clear:both\"><a href=\"http:\/\/www.quiltingstudio.hu\/blog\/wp-content\/uploads\/2009\/04\/ibolya3.jpg\"><img decoding=\"async\" loading=\"lazy\" class=\"alignnone size-medium wp-image-880\" title=\"ibolya3\" src=\"http:\/\/www.quiltingstudio.hu\/blog\/wp-content\/uploads\/2009\/04\/ibolya3-239x300.jpg\" alt=\"fokf\u00f6ldi ibolya \" width=\"239\" height=\"300\" srcset=\"http:\/\/www.quiltingstudio.hu\/blog\/wp-content\/uploads\/2009\/04\/ibolya3-239x300.jpg 239w, http:\/\/www.quiltingstudio.hu\/blog\/wp-content\/uploads\/2009\/04\/ibolya3.jpg 804w\" sizes=\"(max-width: 239px) 100vw, 239px\" \/><\/a><\/p>\n<p style=\"clear:both\">Az idei szapor\u00edt\u00e1s is mind megeredett, sz\u00e9pen hozz\u00e1k a kis leveleket. Most m\u00e1r csak egy gondom van: hol fognak ezek elf\u00e9rni?\u00a0 Mert hogy az orhide\u00e1knak is kell a hely&#8230;.!!!<\/p>\n<p style=\"clear:both\"><a href=\"http:\/\/www.quiltingstudio.hu\/blog\/wp-content\/uploads\/2009\/04\/ibolya4.jpg\"><img decoding=\"async\" loading=\"lazy\" class=\"alignnone size-medium wp-image-881\" title=\"ibolya4\" src=\"http:\/\/www.quiltingstudio.hu\/blog\/wp-content\/uploads\/2009\/04\/ibolya4-300x168.jpg\" alt=\"fokf\u00f6ldi iboly\u00e1k\" width=\"300\" height=\"168\" srcset=\"http:\/\/www.quiltingstudio.hu\/blog\/wp-content\/uploads\/2009\/04\/ibolya4-300x168.jpg 300w, http:\/\/www.quiltingstudio.hu\/blog\/wp-content\/uploads\/2009\/04\/ibolya4.jpg 805w\" sizes=\"(max-width: 300px) 100vw, 300px\" \/><\/a><\/p>\n<p style=\"clear:both\">Sejtettem, hogy t\u00fal kicsi ablakp\u00e1rk\u00e1nyokat k\u00e9sz\u00edtett\u00fcnk.:o(((<\/p>\n<p style=\"clear:both\">\u00a0<\/p>\n<p style=\"clear:both\">\u00a0<\/p>\n","protected":false},"excerpt":{"rendered":"<p>Ez most csak n\u00e9h\u00e1ny fokf\u00f6ldi ibolya, a teljess\u00e9g ig\u00e9nye n\u00e9lk\u00fcl! (Egyszer lehet sorbarakom \u00e1rnylatok szerint :o))) Az id\u00e9n nagyon el\u00e9gedett vagyok\u00a0az iboly\u00e1kkal. Szerintem gy\u00f6ny\u00f6r\u0171ek \u00e9s csak \u00fagy ontj\u00e1k a vir\u00e1gokat.\u00a0<\/p>\n","protected":false},"author":1,"featured_media":0,"comment_status":"open","ping_status":"closed","sticky":false,"template":"","format":"standard","meta":[],"categories":[3],"tags":[],"aioseo_notices":[],"views":3776,"_links":{"self":[{"href":"http:\/\/www.quiltingstudio.hu\/blog\/index.php?rest_route=\/wp\/v2\/posts\/878"}],"collection":[{"href":"http:\/\/www.quiltingstudio.hu\/blog\/index.php?rest_route=\/wp\/v2\/posts"}],"about":[{"href":"http:\/\/www.quiltingstudio.hu\/blog\/index.php?rest_route=\/wp\/v2\/types\/post"}],"author":[{"embeddable":true,"href":"http:\/\/www.quiltingstudio.hu\/blog\/index.php?rest_route=\/wp\/v2\/users\/1"}],"replies":[{"embeddable":true,"href":"http:\/\/www.quiltingstudio.hu\/blog\/index.php?rest_route=%2Fwp%2Fv2%2Fcomments&post=878"}],"version-history":[{"count":0,"href":"http:\/\/www.quiltingstudio.hu\/blog\/index.php?rest_route=\/wp\/v2\/posts\/878\/revisions"}],"wp:attachment":[{"href":"http:\/\/www.quiltingstudio.hu\/blog\/index.php?rest_route=%2Fwp%2Fv2%2Fmedia&parent=878"}],"wp:term":[{"taxonomy":"category","embeddable":true,"href":"http:\/\/www.quiltingstudio.hu\/blog\/index.php?rest_route=%2Fwp%2Fv2%2Fcategories&post=878"},{"taxonomy":"post_tag","embeddable":true,"href":"http:\/\/www.quiltingstudio.hu\/blog\/index.php?rest_route=%2Fwp%2Fv2%2Ftags&post=878"}],"curies":[{"name":"wp","href":"https:\/\/api.w.org\/{rel}","templated":true}]}}